{"id":14464,"date":"2025-07-28T09:00:50","date_gmt":"2025-07-28T12:00:50","guid":{"rendered":"https:\/\/impactodenoticias.com.ar\/?p=14464"},"modified":"2025-07-28T09:00:51","modified_gmt":"2025-07-28T12:00:51","slug":"viale-en-medio-de-una-intensa-lluvia-volco-una-camioneta-en-ruta-32","status":"publish","type":"post","link":"https:\/\/impactodenoticias.com.ar\/?p=14464","title":{"rendered":"Viale: en medio de una intensa lluvia volc\u00f3 una camioneta en Ruta 32"},"content":{"rendered":"\n<h2 class=\"wp-block-heading\">En horas de la tarde del domingo, alrededor de las 15:30, se registr\u00f3 un accidente vial en el kil\u00f3metro 27 de la Ruta Provincial 32, a la altura de la localidad de Viale.<\/h2>\n\n\n\n<p>Seg\u00fan se inform\u00f3 a IMPACTO DE NOTICIAS, el accidente vial fue protagonizado un veh\u00edculo Peugeot Partner que circulaba en direcci\u00f3n hacia Segu\u00ed. Por causas que se estiman tuvo que ver con la p\u00e9rdida de control del autom\u00f3vil al pisar una zona mojada, el rodado sali\u00f3 de la calzada y volc\u00f3 al caer en la banquina.<\/p>\n\n\n\n<p>Afortunadamente, tanto el conductor \u2014un hombre de 48 a\u00f1os\u2014 como su acompa\u00f1ante \u2014de 39 a\u00f1os\u2014, oriundos de Villa Constituci\u00f3n en la provincia de Santa Fe, no sufrieron heridas de consideraci\u00f3n, y no se necesit\u00f3 asistencia m\u00e9dica.<\/p>\n\n\n\n<p>Los ocupantes del veh\u00edculo confirmaron que no hubo participaci\u00f3n de terceros en el incidente y gestionaron la intervenci\u00f3n de su compa\u00f1\u00eda aseguradora para pedir el servicio de gr\u00faa y realizar los tr\u00e1mites correspondientes.<\/p>\n\n\n\n<p>El hecho sirve para alertar a los conductores sobre los riesgos adicionales que supone conducir bajo lluvia, en especial cuando se genera acumulaci\u00f3n de agua que puede provocar p\u00e9rdida de adherencia en medio de maniobras bruscas.<\/p>\n\n\n\n<p>Las condiciones clim\u00e1ticas, marcadas por lluvias persistentes y acumulaci\u00f3n de agua sobre el pavimento, exigen una conducci\u00f3n extremadamente prudente, especialmente en zonas de banquinas irregulares.<\/p>\n\n\n\n<p>Desde la Direcci\u00f3n de Prevenci\u00f3n y Seguridad Vial, recomiendan extremar los cuidados al transitar por rutas durante condiciones clim\u00e1ticas adversas, manteniendo una velocidad moderada y evitando frenadas repentinas.<\/p>\n","protected":false},"excerpt":{"rendered":"<p>En horas de la tarde del domingo, alrededor de las 15:30, se registr&oacute; un accidente vial en el kil&oacute;metro 27 de la Ruta Provincial 32, a la altura de la localidad de Viale. Seg&uacute;n se inform&oacute; a IMPACTO DE NOTICIAS, el accidente vial fue protagonizado un veh&iacute;culo Peugeot Partner que circulaba en direcci&oacute;n hacia Segu&iacute;. [&hellip;]<\/p>\n","protected":false},"author":2,"featured_media":14465,"comment_status":"open","ping_status":"open","sticky":false,"template":"","format":"standard","meta":{"footnotes":""},"categories":[3,8],"tags":[33,1477,1412,336],"class_list":["post-14464","post","type-post","status-publish","format-standard","has-post-thumbnail","hentry","category-locales","category-policiales","tag-entre-rios","tag-ruta-32","tag-viale","tag-vuelco"],"_links":{"self":[{"href":"https:\/\/impactodenoticias.com.ar\/index.php?rest_route=\/wp\/v2\/posts\/14464","targetHints":{"allow":["GET"]}}],"collection":[{"href":"https:\/\/impactodenoticias.com.ar\/index.php?rest_route=\/wp\/v2\/posts"}],"about":[{"href":"https:\/\/impactodenoticias.com.ar\/index.php?rest_route=\/wp\/v2\/types\/post"}],"author":[{"embeddable":true,"href":"https:\/\/impactodenoticias.com.ar\/index.php?rest_route=\/wp\/v2\/users\/2"}],"replies":[{"embeddable":true,"href":"https:\/\/impactodenoticias.com.ar\/index.php?rest_route=%2Fwp%2Fv2%2Fcomments&post=14464"}],"version-history":[{"count":1,"href":"https:\/\/impactodenoticias.com.ar\/index.php?rest_route=\/wp\/v2\/posts\/14464\/revisions"}],"predecessor-version":[{"id":14466,"href":"https:\/\/impactodenoticias.com.ar\/index.php?rest_route=\/wp\/v2\/posts\/14464\/revisions\/14466"}],"wp:featuredmedia":[{"embeddable":true,"href":"https:\/\/impactodenoticias.com.ar\/index.php?rest_route=\/wp\/v2\/media\/14465"}],"wp:attachment":[{"href":"https:\/\/impactodenoticias.com.ar\/index.php?rest_route=%2Fwp%2Fv2%2Fmedia&parent=14464"}],"wp:term":[{"taxonomy":"category","embeddable":true,"href":"https:\/\/impactodenoticias.com.ar\/index.php?rest_route=%2Fwp%2Fv2%2Fcategories&post=14464"},{"taxonomy":"post_tag","embeddable":true,"href":"https:\/\/impactodenoticias.com.ar\/index.php?rest_route=%2Fwp%2Fv2%2Ftags&post=14464"}],"curies":[{"name":"wp","href":"https:\/\/api.w.org\/{rel}","templated":true}]}}