{"id":14480,"date":"2025-07-28T09:45:05","date_gmt":"2025-07-28T12:45:05","guid":{"rendered":"https:\/\/impactodenoticias.com.ar\/?p=14480"},"modified":"2025-07-29T10:19:46","modified_gmt":"2025-07-29T13:19:46","slug":"conmocion-en-el-mundo-del-espectaculo-fallecio-a-los-47-anos-el-paranaense-juan-pedro-reca-historico-director-de-paparazzi","status":"publish","type":"post","link":"https:\/\/impactodenoticias.com.ar\/?p=14480","title":{"rendered":"Conmoci\u00f3n en el mundo del espect\u00e1culo: falleci\u00f3 a los 47 a\u00f1os el paranaense Juan Pedro Reca, hist\u00f3rico director de Paparazzi"},"content":{"rendered":"\n<h2 class=\"wp-block-heading\">El periodismo de espect\u00e1culos de luto por la muerte del paranaense Juan Pedro Reca, el hist\u00f3rico director de la revista y el portal Paparazzi, quien muri\u00f3 a los 47 a\u00f1os. La impactante noticia gener\u00f3 una profunda conmoci\u00f3n en el ambiente de los medios de comunicaci\u00f3n.<\/h2>\n\n\n\n<p>Reca fue una de las plumas m\u00e1s reconocidas del periodismo de espect\u00e1culos y llev\u00f3 adelante casi toda su carrera en el Grupo Atl\u00e1ntida, donde trabaj\u00f3 por m\u00e1s de 25 a\u00f1os. Su extensa trayectoria se inici\u00f3 en el periodismo deportivo, como redactor en la m\u00edtica revista El Gr\u00e1fico entre 1996 y 1999.<\/p>\n\n\n\n<p>Tras su paso por la revista GENTE, en 2001 arrib\u00f3 a Paparazzi, donde ocup\u00f3 todos los cargos posibles: fue redactor, productor, editor, jefe de redacci\u00f3n y, finalmente, director de la edici\u00f3n impresa hasta su cierre en 2020. Desde 2011, se desempe\u00f1aba como Director General de la versi\u00f3n digital de la publicaci\u00f3n.<\/p>\n\n\n\n<p>El sepelio de Juan Pedro Reca ser\u00e1 este lunes 28 de julio, de 11:30 a 14:30, en la sala Jacarand\u00e1 del parque Jard\u00edn de Paz, ubicado en el kil\u00f3metro 32,5 de la Panamericana, ramal Pilar. Luego se realizar\u00e1 un responso en la capilla del lugar.<\/p>\n","protected":false},"excerpt":{"rendered":"<p>El periodismo de espect&aacute;culos de luto por la muerte del paranaense Juan Pedro Reca, el hist&oacute;rico director de la revista y el portal Paparazzi, quien muri&oacute; a los 47 a&ntilde;os. La impactante noticia gener&oacute; una profunda conmoci&oacute;n en el ambiente de los medios de comunicaci&oacute;n. Reca fue una de las plumas m&aacute;s reconocidas del periodismo [&hellip;]<\/p>\n","protected":false},"author":2,"featured_media":14481,"comment_status":"open","ping_status":"open","sticky":false,"template":"","format":"standard","meta":{"footnotes":""},"categories":[5,49],"tags":[5542,5540,369,5541],"class_list":["post-14480","post","type-post","status-publish","format-standard","has-post-thumbnail","hentry","category-espectaculos","category-sociedad","tag-el-grafico","tag-juan-pedro-reca","tag-muerte","tag-paparazzi"],"_links":{"self":[{"href":"https:\/\/impactodenoticias.com.ar\/index.php?rest_route=\/wp\/v2\/posts\/14480","targetHints":{"allow":["GET"]}}],"collection":[{"href":"https:\/\/impactodenoticias.com.ar\/index.php?rest_route=\/wp\/v2\/posts"}],"about":[{"href":"https:\/\/impactodenoticias.com.ar\/index.php?rest_route=\/wp\/v2\/types\/post"}],"author":[{"embeddable":true,"href":"https:\/\/impactodenoticias.com.ar\/index.php?rest_route=\/wp\/v2\/users\/2"}],"replies":[{"embeddable":true,"href":"https:\/\/impactodenoticias.com.ar\/index.php?rest_route=%2Fwp%2Fv2%2Fcomments&post=14480"}],"version-history":[{"count":1,"href":"https:\/\/impactodenoticias.com.ar\/index.php?rest_route=\/wp\/v2\/posts\/14480\/revisions"}],"predecessor-version":[{"id":14482,"href":"https:\/\/impactodenoticias.com.ar\/index.php?rest_route=\/wp\/v2\/posts\/14480\/revisions\/14482"}],"wp:featuredmedia":[{"embeddable":true,"href":"https:\/\/impactodenoticias.com.ar\/index.php?rest_route=\/wp\/v2\/media\/14481"}],"wp:attachment":[{"href":"https:\/\/impactodenoticias.com.ar\/index.php?rest_route=%2Fwp%2Fv2%2Fmedia&parent=14480"}],"wp:term":[{"taxonomy":"category","embeddable":true,"href":"https:\/\/impactodenoticias.com.ar\/index.php?rest_route=%2Fwp%2Fv2%2Fcategories&post=14480"},{"taxonomy":"post_tag","embeddable":true,"href":"https:\/\/impactodenoticias.com.ar\/index.php?rest_route=%2Fwp%2Fv2%2Ftags&post=14480"}],"curies":[{"name":"wp","href":"https:\/\/api.w.org\/{rel}","templated":true}]}}