{"id":14489,"date":"2025-07-28T22:40:55","date_gmt":"2025-07-29T01:40:55","guid":{"rendered":"https:\/\/impactodenoticias.com.ar\/?p=14489"},"modified":"2025-07-28T22:40:55","modified_gmt":"2025-07-29T01:40:55","slug":"parana-se-registro-un-accidente-de-transito","status":"publish","type":"post","link":"https:\/\/impactodenoticias.com.ar\/?p=14489","title":{"rendered":"Paran\u00e1: se registr\u00f3 un accidente de tr\u00e1nsito"},"content":{"rendered":"\n<h2 class=\"wp-block-heading\">En horas de la noche de este lunes, ocurri\u00f3 un choque entre un autom\u00f3vil y una moto. El accidente vial se produjo en calle Ayacucho, frente al Golf Paran\u00e1.<\/h2>\n\n\n\n<p>Dos personas resultaron con heridas, una de las v\u00edctimas tuvo que ser asistida por los Bomberos Voluntarios, hasta la llegada de una ambulancia del Servicio de Emergencias.<\/p>\n\n\n\n<p><\/p>\n\n\n\n<figure class=\"wp-block-image size-full\"><img loading=\"lazy\" decoding=\"async\" width=\"600\" height=\"450\" src=\"https:\/\/impactodenoticias.com.ar\/wp-content\/uploads\/2025\/07\/525608567_1074359158174580_9044405148054164249_n.jpg\" alt=\"\" class=\"wp-image-14490\" srcset=\"https:\/\/impactodenoticias.com.ar\/wp-content\/uploads\/2025\/07\/525608567_1074359158174580_9044405148054164249_n.jpg 600w, https:\/\/impactodenoticias.com.ar\/wp-content\/uploads\/2025\/07\/525608567_1074359158174580_9044405148054164249_n-300x225.jpg 300w\" sizes=\"auto, (max-width: 600px) 100vw, 600px\" \/><\/figure>\n\n\n\n<p><\/p>\n\n\n\n<figure class=\"wp-block-image size-large\"><img loading=\"lazy\" decoding=\"async\" width=\"1024\" height=\"768\" src=\"https:\/\/impactodenoticias.com.ar\/wp-content\/uploads\/2025\/07\/525064193_1074359148174581_8302706667142158077_n-1024x768.jpg\" alt=\"\" class=\"wp-image-14491\" srcset=\"https:\/\/impactodenoticias.com.ar\/wp-content\/uploads\/2025\/07\/525064193_1074359148174581_8302706667142158077_n-1024x768.jpg 1024w, https:\/\/impactodenoticias.com.ar\/wp-content\/uploads\/2025\/07\/525064193_1074359148174581_8302706667142158077_n-300x225.jpg 300w, https:\/\/impactodenoticias.com.ar\/wp-content\/uploads\/2025\/07\/525064193_1074359148174581_8302706667142158077_n-768x576.jpg 768w, https:\/\/impactodenoticias.com.ar\/wp-content\/uploads\/2025\/07\/525064193_1074359148174581_8302706667142158077_n-1536x1152.jpg 1536w, https:\/\/impactodenoticias.com.ar\/wp-content\/uploads\/2025\/07\/525064193_1074359148174581_8302706667142158077_n.jpg 2048w\" sizes=\"auto, (max-width: 1024px) 100vw, 1024px\" \/><\/figure>\n\n\n\n<p><\/p>\n\n\n\n<figure class=\"wp-block-image size-full\"><img loading=\"lazy\" decoding=\"async\" width=\"1024\" height=\"768\" src=\"https:\/\/impactodenoticias.com.ar\/wp-content\/uploads\/2025\/07\/526012729_1074359201507909_5094135800791363379_n.jpg\" alt=\"\" class=\"wp-image-14492\" srcset=\"https:\/\/impactodenoticias.com.ar\/wp-content\/uploads\/2025\/07\/526012729_1074359201507909_5094135800791363379_n.jpg 1024w, https:\/\/impactodenoticias.com.ar\/wp-content\/uploads\/2025\/07\/526012729_1074359201507909_5094135800791363379_n-300x225.jpg 300w, https:\/\/impactodenoticias.com.ar\/wp-content\/uploads\/2025\/07\/526012729_1074359201507909_5094135800791363379_n-768x576.jpg 768w\" sizes=\"auto, (max-width: 1024px) 100vw, 1024px\" \/><\/figure>\n\n\n\n<p><\/p>\n\n\n\n<p>Una de las personas heridas fue trasladada al Hospital San Mart\u00edn para recibir atenci\u00f3n m\u00e9dica.<\/p>\n","protected":false},"excerpt":{"rendered":"<p>En horas de la noche de este lunes, ocurri&oacute; un choque entre un autom&oacute;vil y una moto. El accidente vial se produjo en calle Ayacucho, frente al Golf Paran&aacute;. Dos personas resultaron con heridas, una de las v&iacute;ctimas tuvo que ser asistida por los Bomberos Voluntarios, hasta la llegada de una ambulancia del Servicio de [&hellip;]<\/p>\n","protected":false},"author":2,"featured_media":14493,"comment_status":"open","ping_status":"open","sticky":false,"template":"","format":"standard","meta":{"footnotes":""},"categories":[3,8],"tags":[120,566,394,388,95,118],"class_list":["post-14489","post","type-post","status-publish","format-standard","has-post-thumbnail","hentry","category-locales","category-policiales","tag-accidente","tag-automovil","tag-heridos","tag-moto","tag-parana","tag-policiales"],"_links":{"self":[{"href":"https:\/\/impactodenoticias.com.ar\/index.php?rest_route=\/wp\/v2\/posts\/14489","targetHints":{"allow":["GET"]}}],"collection":[{"href":"https:\/\/impactodenoticias.com.ar\/index.php?rest_route=\/wp\/v2\/posts"}],"about":[{"href":"https:\/\/impactodenoticias.com.ar\/index.php?rest_route=\/wp\/v2\/types\/post"}],"author":[{"embeddable":true,"href":"https:\/\/impactodenoticias.com.ar\/index.php?rest_route=\/wp\/v2\/users\/2"}],"replies":[{"embeddable":true,"href":"https:\/\/impactodenoticias.com.ar\/index.php?rest_route=%2Fwp%2Fv2%2Fcomments&post=14489"}],"version-history":[{"count":1,"href":"https:\/\/impactodenoticias.com.ar\/index.php?rest_route=\/wp\/v2\/posts\/14489\/revisions"}],"predecessor-version":[{"id":14494,"href":"https:\/\/impactodenoticias.com.ar\/index.php?rest_route=\/wp\/v2\/posts\/14489\/revisions\/14494"}],"wp:featuredmedia":[{"embeddable":true,"href":"https:\/\/impactodenoticias.com.ar\/index.php?rest_route=\/wp\/v2\/media\/14493"}],"wp:attachment":[{"href":"https:\/\/impactodenoticias.com.ar\/index.php?rest_route=%2Fwp%2Fv2%2Fmedia&parent=14489"}],"wp:term":[{"taxonomy":"category","embeddable":true,"href":"https:\/\/impactodenoticias.com.ar\/index.php?rest_route=%2Fwp%2Fv2%2Fcategories&post=14489"},{"taxonomy":"post_tag","embeddable":true,"href":"https:\/\/impactodenoticias.com.ar\/index.php?rest_route=%2Fwp%2Fv2%2Ftags&post=14489"}],"curies":[{"name":"wp","href":"https:\/\/api.w.org\/{rel}","templated":true}]}}