{"id":14501,"date":"2025-07-29T10:13:33","date_gmt":"2025-07-29T13:13:33","guid":{"rendered":"https:\/\/impactodenoticias.com.ar\/?p=14501"},"modified":"2025-07-30T10:16:47","modified_gmt":"2025-07-30T13:16:47","slug":"parana-se-encuentra-interrumpido-el-servicio-de-agua-potable-en-una-zona-para-concluir-una-obra","status":"publish","type":"post","link":"https:\/\/impactodenoticias.com.ar\/?p=14501","title":{"rendered":"Paran\u00e1: se encuentra interrumpido el servicio de agua potable en una zona para concluir una obra"},"content":{"rendered":"\n<h2 class=\"wp-block-heading\">Este martes se colocar\u00e1 una v\u00e1lvula de gran porte en calle L\u00f3pez Jord\u00e1n, entre Fraternidad y Don Bosco de la ciudad de Paran\u00e1, para completar la nueva configuraci\u00f3n de abastecimiento de agua en esa amplia franja urbana. Los trabajos se llevan a cabo en el marco del Plan de Fortalecimiento del servicio de agua potable 2025-2027, que impulsan desde el municipio.<\/h2>\n\n\n\n<p>La v\u00e1lvula de 900 mil\u00edmetros, que se colocar\u00e1 este martes, servir\u00e1 para mejorar la nueva configuraci\u00f3n en el almacenamiento y distribuci\u00f3n del suministro, habilitada en el \u00faltimo tramo de la obra de la ca\u00f1er\u00eda complementaria de 630 mm que une la planta Echeverr\u00eda con el centro de distribuci\u00f3n Lola Mora.<\/p>\n\n\n\n<p>A ra\u00edz de esta obra de mejora y optimizaci\u00f3n del servicio se encuentra restringido el abastecimiento del suministro en los hogares situados en el ejido urbano de la ciudad, situado hacia el este de las calles Ayacucho y Artigas.<\/p>\n\n\n\n<p>Este nuevo conducto se sum\u00f3 al ca\u00f1o maestro de 900 mil\u00edmetros que ya abastec\u00eda a los centros Lola Mora, Parque del Lago y el tanque del Seminario. Con ambas redes de alimentaci\u00f3n se ampli\u00f3 la capacidad de traslado y hay mayor volumen de agua disponible para distribuir en el sudeste, este y noreste de Paran\u00e1.<\/p>\n\n\n\n<p>se inform\u00f3 desde la Municipalidad que la instalaci\u00f3n de este nuevo dispositivo permitir\u00e1 una mejor administraci\u00f3n del sistema, para regulaci\u00f3n de caudales, monitoreo y seccionamiento en caso de trabajos de mantenimiento o roturas.<\/p>\n\n\n\n<p>Las tareas comenzaron desde las primeras horas de este martes 29 y se prev\u00e9 podr\u00eda extenderse durante la tarde, normaliz\u00e1ndose paulatinamente el servicio hacia la noche.<\/p>\n\n\n\n<p>Como es habitual se solicita a la poblaci\u00f3n afectada a hacer un uso racional del agua almacenada en sus tanques domiciliarios, teniendo en cuenta que la labor demandar\u00e1 varias horas de trabajo: el proceso incluye, adem\u00e1s de la colocaci\u00f3n de la v\u00e1lvula de grandes dimensiones, las posteriores pruebas hidr\u00e1ulicas \u2013para verificar el funcionamiento correcto\u2013, y el llenado de las reservas de los centros de distribuci\u00f3n Parque del Lago y Lola Mora, para recuperar los niveles que permitan luego comenzar a inyectar el suministro a la red p\u00fablica, con adecuados caudales y niveles de presi\u00f3n.<\/p>\n\n\n\n<p><\/p>\n\n\n\n<figure class=\"wp-block-image size-large\"><img loading=\"lazy\" decoding=\"async\" width=\"1024\" height=\"686\" src=\"https:\/\/impactodenoticias.com.ar\/wp-content\/uploads\/2025\/07\/e7258fcbaac9a75ba4ddc3c620d5237a-1024x686.jpg\" alt=\"\" class=\"wp-image-14502\" srcset=\"https:\/\/impactodenoticias.com.ar\/wp-content\/uploads\/2025\/07\/e7258fcbaac9a75ba4ddc3c620d5237a-1024x686.jpg 1024w, https:\/\/impactodenoticias.com.ar\/wp-content\/uploads\/2025\/07\/e7258fcbaac9a75ba4ddc3c620d5237a-300x201.jpg 300w, https:\/\/impactodenoticias.com.ar\/wp-content\/uploads\/2025\/07\/e7258fcbaac9a75ba4ddc3c620d5237a-768x514.jpg 768w, https:\/\/impactodenoticias.com.ar\/wp-content\/uploads\/2025\/07\/e7258fcbaac9a75ba4ddc3c620d5237a.jpg 1275w\" sizes=\"auto, (max-width: 1024px) 100vw, 1024px\" \/><\/figure>\n\n\n\n<p><\/p>\n","protected":false},"excerpt":{"rendered":"<p>Este martes se colocar&aacute; una v&aacute;lvula de gran porte en calle L&oacute;pez Jord&aacute;n, entre Fraternidad y Don Bosco de la ciudad de Paran&aacute;, para completar la nueva configuraci&oacute;n de abastecimiento de agua en esa amplia franja urbana. Los trabajos se llevan a cabo en el marco del Plan de Fortalecimiento del servicio de agua potable [&hellip;]<\/p>\n","protected":false},"author":2,"featured_media":14503,"comment_status":"open","ping_status":"open","sticky":false,"template":"","format":"standard","meta":{"footnotes":""},"categories":[3,1902],"tags":[878,5548,102,95,1194,866],"class_list":["post-14501","post","type-post","status-publish","format-standard","has-post-thumbnail","hentry","category-locales","category-municipales","tag-agua","tag-lopez-jordan","tag-municipalidad","tag-parana","tag-potable","tag-tareas"],"_links":{"self":[{"href":"https:\/\/impactodenoticias.com.ar\/index.php?rest_route=\/wp\/v2\/posts\/14501","targetHints":{"allow":["GET"]}}],"collection":[{"href":"https:\/\/impactodenoticias.com.ar\/index.php?rest_route=\/wp\/v2\/posts"}],"about":[{"href":"https:\/\/impactodenoticias.com.ar\/index.php?rest_route=\/wp\/v2\/types\/post"}],"author":[{"embeddable":true,"href":"https:\/\/impactodenoticias.com.ar\/index.php?rest_route=\/wp\/v2\/users\/2"}],"replies":[{"embeddable":true,"href":"https:\/\/impactodenoticias.com.ar\/index.php?rest_route=%2Fwp%2Fv2%2Fcomments&post=14501"}],"version-history":[{"count":1,"href":"https:\/\/impactodenoticias.com.ar\/index.php?rest_route=\/wp\/v2\/posts\/14501\/revisions"}],"predecessor-version":[{"id":14504,"href":"https:\/\/impactodenoticias.com.ar\/index.php?rest_route=\/wp\/v2\/posts\/14501\/revisions\/14504"}],"wp:featuredmedia":[{"embeddable":true,"href":"https:\/\/impactodenoticias.com.ar\/index.php?rest_route=\/wp\/v2\/media\/14503"}],"wp:attachment":[{"href":"https:\/\/impactodenoticias.com.ar\/index.php?rest_route=%2Fwp%2Fv2%2Fmedia&parent=14501"}],"wp:term":[{"taxonomy":"category","embeddable":true,"href":"https:\/\/impactodenoticias.com.ar\/index.php?rest_route=%2Fwp%2Fv2%2Fcategories&post=14501"},{"taxonomy":"post_tag","embeddable":true,"href":"https:\/\/impactodenoticias.com.ar\/index.php?rest_route=%2Fwp%2Fv2%2Ftags&post=14501"}],"curies":[{"name":"wp","href":"https:\/\/api.w.org\/{rel}","templated":true}]}}