{"id":14505,"date":"2025-07-29T10:19:18","date_gmt":"2025-07-29T13:19:18","guid":{"rendered":"https:\/\/impactodenoticias.com.ar\/?p=14505"},"modified":"2025-07-29T10:19:18","modified_gmt":"2025-07-29T13:19:18","slug":"un-nino-de-12-anos-se-encuentra-en-grave-estado-luego-de-quemarse-al-prender-una-estufa-en-nogoya","status":"publish","type":"post","link":"https:\/\/impactodenoticias.com.ar\/?p=14505","title":{"rendered":"Un ni\u00f1o de 12 a\u00f1os se encuentra en grave estado luego de quemarse al prender una estufa en Nogoy\u00e1"},"content":{"rendered":"\n<h2 class=\"wp-block-heading\">El nene est\u00e1 muy grave despu\u00e9s de quemarse al intentar prender una estufa con kerosene. El tremendo hecho sucedi\u00f3 aproximadamente a las 18 del lunes, en una vivienda rural ubicada en Colonia La Llave, departamento Nogoy\u00e1.<\/h2>\n\n\n\n<p>De acuerdo a la informaci\u00f3n brindada por fuentes policiales, el menor sufri\u00f3 quemaduras en el 70% de su cuerpo y fue trasladado de urgencia al Hospital Materno Infantil San Roque, en Paran\u00e1, donde permanece internado en estado cr\u00edtico.<\/p>\n\n\n\n<p>La madre del ni\u00f1o, de 30 a\u00f1os, cont\u00edo que su hijo intent\u00f3 encender la estufa hogar con kerosene, un combustible inflamable de alto riesgo. Desde el exterior de la vivienda, escuch\u00f3 una explosi\u00f3n y, al ingresar, encontr\u00f3 al ni\u00f1o gravemente herido por las llamas. R\u00e1pidamente pidi\u00f3 auxilio, lo que activ\u00f3 una cadena de traslados m\u00e9dicos seg\u00fan inform\u00f3 Javier Arag\u00f3n en IG<\/p>\n\n\n\n<p>En primera instancia el peque\u00f1o fue trasladado en ambulancia al Hospital Nuestra Se\u00f1ora del Luj\u00e1n, en General Ram\u00edrez, donde recibi\u00f3 la primera atenci\u00f3n m\u00e9dica. Luego, dada la gravedad de las quemaduras, fue derivado al Hospital San Roque de Paran\u00e1. Al momento del \u00faltimo parte, se encontraba en quir\u00f3fano, siendo atendido por un equipo de profesionales especializados en quemaduras.<\/p>\n","protected":false},"excerpt":{"rendered":"<p>El nene est&aacute; muy grave despu&eacute;s de quemarse al intentar prender una estufa con kerosene. El tremendo hecho sucedi&oacute; aproximadamente a las 18 del lunes, en una vivienda rural ubicada en Colonia La Llave, departamento Nogoy&aacute;. De acuerdo a la informaci&oacute;n brindada por fuentes policiales, el menor sufri&oacute; quemaduras en el 70% de su cuerpo [&hellip;]<\/p>\n","protected":false},"author":2,"featured_media":14506,"comment_status":"open","ping_status":"open","sticky":false,"template":"","format":"standard","meta":{"footnotes":""},"categories":[8,4],"tags":[5549,2636,389,141,5550,4349,1039,95,370,999],"class_list":["post-14505","post","type-post","status-publish","format-standard","has-post-thumbnail","hentry","category-policiales","category-provinciales","tag-estufa","tag-graves","tag-herido","tag-hospital","tag-kerosene","tag-nene","tag-nogoya","tag-parana","tag-quemaduras","tag-san-roque"],"_links":{"self":[{"href":"https:\/\/impactodenoticias.com.ar\/index.php?rest_route=\/wp\/v2\/posts\/14505","targetHints":{"allow":["GET"]}}],"collection":[{"href":"https:\/\/impactodenoticias.com.ar\/index.php?rest_route=\/wp\/v2\/posts"}],"about":[{"href":"https:\/\/impactodenoticias.com.ar\/index.php?rest_route=\/wp\/v2\/types\/post"}],"author":[{"embeddable":true,"href":"https:\/\/impactodenoticias.com.ar\/index.php?rest_route=\/wp\/v2\/users\/2"}],"replies":[{"embeddable":true,"href":"https:\/\/impactodenoticias.com.ar\/index.php?rest_route=%2Fwp%2Fv2%2Fcomments&post=14505"}],"version-history":[{"count":1,"href":"https:\/\/impactodenoticias.com.ar\/index.php?rest_route=\/wp\/v2\/posts\/14505\/revisions"}],"predecessor-version":[{"id":14507,"href":"https:\/\/impactodenoticias.com.ar\/index.php?rest_route=\/wp\/v2\/posts\/14505\/revisions\/14507"}],"wp:featuredmedia":[{"embeddable":true,"href":"https:\/\/impactodenoticias.com.ar\/index.php?rest_route=\/wp\/v2\/media\/14506"}],"wp:attachment":[{"href":"https:\/\/impactodenoticias.com.ar\/index.php?rest_route=%2Fwp%2Fv2%2Fmedia&parent=14505"}],"wp:term":[{"taxonomy":"category","embeddable":true,"href":"https:\/\/impactodenoticias.com.ar\/index.php?rest_route=%2Fwp%2Fv2%2Fcategories&post=14505"},{"taxonomy":"post_tag","embeddable":true,"href":"https:\/\/impactodenoticias.com.ar\/index.php?rest_route=%2Fwp%2Fv2%2Ftags&post=14505"}],"curies":[{"name":"wp","href":"https:\/\/api.w.org\/{rel}","templated":true}]}}