{"id":14511,"date":"2025-07-29T20:06:19","date_gmt":"2025-07-29T23:06:19","guid":{"rendered":"https:\/\/impactodenoticias.com.ar\/?p=14511"},"modified":"2025-07-29T20:06:19","modified_gmt":"2025-07-29T23:06:19","slug":"concepcion-del-uruguay-se-incendio-una-casa-de-dos-plantas","status":"publish","type":"post","link":"https:\/\/impactodenoticias.com.ar\/?p=14511","title":{"rendered":"Concepci\u00f3n del Uruguay: se incendi\u00f3 una casa de dos plantas"},"content":{"rendered":"\n<h2 class=\"wp-block-heading\">Un voraz incendio en una casa ubicada en Mill\u00e1n al 700, a metros de la intersecci\u00f3n con Pablo Lorenz, se produjo este martes en Concepci\u00f3n del Uruguay. El fuego se inici\u00f3 en la planta baja y alcanz\u00f3 a otras habitaciones en la planta alta.<\/h2>\n\n\n\n<p>Personal de Bomberos Voluntarios llev\u00f3 adelante un per\u00edmetro de seguridad y solicit\u00f3 una cuadrilla de Enersa para interrumpir el servicio el\u00e9ctrico, ya que la vivienda no contaba con interruptor diferencial y termomagn\u00e9tico, informaron fuentes policiales.<\/p>\n\n\n\n<p>Los brigadistas trabajaron en diferentes puntos de la casa, evitando la propagaci\u00f3n hacia el resto de las viviendas. Las tareas se realizaron hasta la extinci\u00f3n total del fuego, realizando enfriamiento y ventilaci\u00f3n hidr\u00e1ulica.<\/p>\n\n\n\n<p>Seg\u00fan lo informado, afortunadamente no se registraron personas lesionadas, \u00fanicamente da\u00f1os materiales.<\/p>\n","protected":false},"excerpt":{"rendered":"<p>Un voraz incendio en una casa ubicada en Mill&aacute;n al 700, a metros de la intersecci&oacute;n con Pablo Lorenz, se produjo este martes en Concepci&oacute;n del Uruguay. El fuego se inici&oacute; en la planta baja y alcanz&oacute; a otras habitaciones en la planta alta. Personal de Bomberos Voluntarios llev&oacute; adelante un per&iacute;metro de seguridad y [&hellip;]<\/p>\n","protected":false},"author":2,"featured_media":14512,"comment_status":"open","ping_status":"open","sticky":false,"template":"","format":"standard","meta":{"footnotes":""},"categories":[8,4],"tags":[563,324,227],"class_list":["post-14511","post","type-post","status-publish","format-standard","has-post-thumbnail","hentry","category-policiales","category-provinciales","tag-casa","tag-concepcion-del-uruguay","tag-incendio"],"_links":{"self":[{"href":"https:\/\/impactodenoticias.com.ar\/index.php?rest_route=\/wp\/v2\/posts\/14511","targetHints":{"allow":["GET"]}}],"collection":[{"href":"https:\/\/impactodenoticias.com.ar\/index.php?rest_route=\/wp\/v2\/posts"}],"about":[{"href":"https:\/\/impactodenoticias.com.ar\/index.php?rest_route=\/wp\/v2\/types\/post"}],"author":[{"embeddable":true,"href":"https:\/\/impactodenoticias.com.ar\/index.php?rest_route=\/wp\/v2\/users\/2"}],"replies":[{"embeddable":true,"href":"https:\/\/impactodenoticias.com.ar\/index.php?rest_route=%2Fwp%2Fv2%2Fcomments&post=14511"}],"version-history":[{"count":1,"href":"https:\/\/impactodenoticias.com.ar\/index.php?rest_route=\/wp\/v2\/posts\/14511\/revisions"}],"predecessor-version":[{"id":14513,"href":"https:\/\/impactodenoticias.com.ar\/index.php?rest_route=\/wp\/v2\/posts\/14511\/revisions\/14513"}],"wp:featuredmedia":[{"embeddable":true,"href":"https:\/\/impactodenoticias.com.ar\/index.php?rest_route=\/wp\/v2\/media\/14512"}],"wp:attachment":[{"href":"https:\/\/impactodenoticias.com.ar\/index.php?rest_route=%2Fwp%2Fv2%2Fmedia&parent=14511"}],"wp:term":[{"taxonomy":"category","embeddable":true,"href":"https:\/\/impactodenoticias.com.ar\/index.php?rest_route=%2Fwp%2Fv2%2Fcategories&post=14511"},{"taxonomy":"post_tag","embeddable":true,"href":"https:\/\/impactodenoticias.com.ar\/index.php?rest_route=%2Fwp%2Fv2%2Ftags&post=14511"}],"curies":[{"name":"wp","href":"https:\/\/api.w.org\/{rel}","templated":true}]}}