{"id":14517,"date":"2025-07-29T20:22:09","date_gmt":"2025-07-29T23:22:09","guid":{"rendered":"https:\/\/impactodenoticias.com.ar\/?p=14517"},"modified":"2025-07-30T10:16:34","modified_gmt":"2025-07-30T13:16:34","slug":"parana-concluyeron-las-tareas-para-optimizar-el-servicio-de-agua-en-la-zona-este-de-parana","status":"publish","type":"post","link":"https:\/\/impactodenoticias.com.ar\/?p=14517","title":{"rendered":"Paran\u00e1: concluyeron las tareas para optimizar el servicio de agua en la zona este de Paran\u00e1"},"content":{"rendered":"\n<h2 class=\"wp-block-heading\">Se trat\u00f3 de la colocaci\u00f3n de una v\u00e1lvula de 900 mm en calle L\u00f3pez Jord\u00e1n. Ahora se espera el regreso del servicio de agua potable de manera paulatina.<\/h2>\n\n\n\n<p>La Municipalidad de Paran\u00e1 coloc\u00f3 este martes una v\u00e1lvula de agua en calle L\u00f3pez Jord\u00e1n, lo que representa el \u00faltimo tramo de la obra en la cual se instal\u00f3 una nueva ca\u00f1er\u00eda de 630 mil\u00edmetros. La tuber\u00eda est\u00e1 incorporada al ca\u00f1o maestro de 900 mil\u00edmetros que ya abastec\u00eda a los centros Lola Mora, Parque del Lago y el tanque del Seminario. Paulatinamente el servicio se normalizar\u00e1 hacia la noche en la zona afectada.<\/p>\n\n\n\n<p>Los trabajos se encuentran en el marco del Plan de Fortalecimiento del servicio de agua potable 2025-2027, que impulsa la Municipalidad. \u201cLa instalaci\u00f3n de esta v\u00e1lvula permitir\u00e1 una mejor administraci\u00f3n del sistema, para regulaci\u00f3n de caudales, monitoreo y seccionamiento en caso de trabajos de mantenimiento o roturas\u201c, se\u00f1alaron desde la comuna.<\/p>\n\n\n\n<p>Este nuevo conducto se sum\u00f3 al ca\u00f1o maestro de 900 mil\u00edmetros que ya abastec\u00eda a los centros Lola Mora, Parque del Lago y el tanque del Seminario. Con ambas redes de alimentaci\u00f3n se ampli\u00f3 la capacidad de traslado y hay mayor volumen de agua disponible para distribuir en el sudeste, este y noreste de Paran\u00e1.<\/p>\n\n\n\n<p>La instalaci\u00f3n de este nuevo dispositivo permitir\u00e1 una mejor administraci\u00f3n del sistema, para regulaci\u00f3n de caudales, monitoreo y seccionamiento en caso de trabajos de mantenimiento o roturas.<\/p>\n","protected":false},"excerpt":{"rendered":"<p>Se trat&oacute; de la colocaci&oacute;n de una v&aacute;lvula de 900 mm en calle L&oacute;pez Jord&aacute;n. Ahora se espera el regreso del servicio de agua potable de manera paulatina. La Municipalidad de Paran&aacute; coloc&oacute; este martes una v&aacute;lvula de agua en calle L&oacute;pez Jord&aacute;n, lo que representa el &uacute;ltimo tramo de la obra en la cual [&hellip;]<\/p>\n","protected":false},"author":2,"featured_media":14503,"comment_status":"open","ping_status":"open","sticky":false,"template":"","format":"standard","meta":{"footnotes":""},"categories":[3,1902],"tags":[786,4489,5548,102,95,5555],"class_list":["post-14517","post","type-post","status-publish","format-standard","has-post-thumbnail","hentry","category-locales","category-municipales","tag-cambio","tag-concluyo","tag-lopez-jordan","tag-municipalidad","tag-parana","tag-valvula"],"_links":{"self":[{"href":"https:\/\/impactodenoticias.com.ar\/index.php?rest_route=\/wp\/v2\/posts\/14517","targetHints":{"allow":["GET"]}}],"collection":[{"href":"https:\/\/impactodenoticias.com.ar\/index.php?rest_route=\/wp\/v2\/posts"}],"about":[{"href":"https:\/\/impactodenoticias.com.ar\/index.php?rest_route=\/wp\/v2\/types\/post"}],"author":[{"embeddable":true,"href":"https:\/\/impactodenoticias.com.ar\/index.php?rest_route=\/wp\/v2\/users\/2"}],"replies":[{"embeddable":true,"href":"https:\/\/impactodenoticias.com.ar\/index.php?rest_route=%2Fwp%2Fv2%2Fcomments&post=14517"}],"version-history":[{"count":1,"href":"https:\/\/impactodenoticias.com.ar\/index.php?rest_route=\/wp\/v2\/posts\/14517\/revisions"}],"predecessor-version":[{"id":14518,"href":"https:\/\/impactodenoticias.com.ar\/index.php?rest_route=\/wp\/v2\/posts\/14517\/revisions\/14518"}],"wp:featuredmedia":[{"embeddable":true,"href":"https:\/\/impactodenoticias.com.ar\/index.php?rest_route=\/wp\/v2\/media\/14503"}],"wp:attachment":[{"href":"https:\/\/impactodenoticias.com.ar\/index.php?rest_route=%2Fwp%2Fv2%2Fmedia&parent=14517"}],"wp:term":[{"taxonomy":"category","embeddable":true,"href":"https:\/\/impactodenoticias.com.ar\/index.php?rest_route=%2Fwp%2Fv2%2Fcategories&post=14517"},{"taxonomy":"post_tag","embeddable":true,"href":"https:\/\/impactodenoticias.com.ar\/index.php?rest_route=%2Fwp%2Fv2%2Ftags&post=14517"}],"curies":[{"name":"wp","href":"https:\/\/api.w.org\/{rel}","templated":true}]}}