{"id":14536,"date":"2025-07-30T10:16:09","date_gmt":"2025-07-30T13:16:09","guid":{"rendered":"https:\/\/impactodenoticias.com.ar\/?p=14536"},"modified":"2025-07-31T10:19:46","modified_gmt":"2025-07-31T13:19:46","slug":"entre-rios-la-economia-cayo-mas-del-7-en-el-ano-2024","status":"publish","type":"post","link":"https:\/\/impactodenoticias.com.ar\/?p=14536","title":{"rendered":"Entre R\u00edos: la econom\u00eda cay\u00f3 m\u00e1s del 7% en el a\u00f1o 2024"},"content":{"rendered":"\n<h2 class=\"wp-block-heading\">De acuerdo al Indicador Sint\u00e9tico de Actividad Econ\u00f3mica de Entre R\u00edos (ISAEER), elaborado conjuntamente entre Direcci\u00f3n General de Estad\u00edstica y Censos, la Facultad de Ciencias Econ\u00f3micas de la UNER y el Consejo Empresario de Entre R\u00edos, la econom\u00eda entrerriana cay\u00f3 un 7.18% en el a\u00f1o 2024 respecto del a\u00f1o 2023.<\/h2>\n\n\n\n<ul class=\"wp-block-list\">\n<li>Mg. Cr. \u00c1lvaro Gab\u00e1s<\/li>\n<\/ul>\n\n\n\n<p>Si se realiza una comparaci\u00f3n del \u00faltimo trimestre del 2024 respecto del mismo per\u00edodo del 2023, los guarismos se agravan. Es decir, que<br>se profundiza su ca\u00edda al 7.5% interanual.<\/p>\n\n\n\n<p><\/p>\n\n\n\n<figure class=\"wp-block-image size-full\"><img loading=\"lazy\" decoding=\"async\" width=\"645\" height=\"402\" src=\"https:\/\/impactodenoticias.com.ar\/wp-content\/uploads\/2025\/07\/Captura-de-pantalla_30-7-2025_10727_.jpeg\" alt=\"\" class=\"wp-image-14537\" srcset=\"https:\/\/impactodenoticias.com.ar\/wp-content\/uploads\/2025\/07\/Captura-de-pantalla_30-7-2025_10727_.jpeg 645w, https:\/\/impactodenoticias.com.ar\/wp-content\/uploads\/2025\/07\/Captura-de-pantalla_30-7-2025_10727_-300x187.jpeg 300w\" sizes=\"auto, (max-width: 645px) 100vw, 645px\" \/><\/figure>\n\n\n\n<p><\/p>\n\n\n\n<p><strong>Como se puede visualizar en el gr\u00e1fico anterior, las ca\u00eddas fueron generalizadas en las variables de consumo, recaudaci\u00f3n y empleo:<\/strong><\/p>\n\n\n\n<ul class=\"wp-block-list\">\n<li>Combustibles: -12,3% (indicador de menor movilidad y menor actividad productiva).<\/li>\n\n\n\n<li>Recaudaci\u00f3n de Ingresos Brutos: -10,1% (refleja retracci\u00f3n del consumo y la actividad comercial).<\/li>\n\n\n\n<li>Gas: -5,4% (menor uso industrial).<\/li>\n\n\n\n<li>Empleo registrado: -2,4% (deterioro del mercado laboral).<\/li>\n<\/ul>\n\n\n\n<p><strong>En contrapartida, se observaron sectores con desempe\u00f1o positivo:<\/strong><\/p>\n\n\n\n<ul class=\"wp-block-list\">\n<li>Molienda: +18,7% (fuerte impulso agroindustrial).<\/li>\n\n\n\n<li>Faena de aves: +1%.<\/li>\n\n\n\n<li>Patentamiento: +1,6% (leve recuperaci\u00f3n del mercado automotor).<\/li>\n\n\n\n<li>Energ\u00eda el\u00e9ctrica: +0,01% (estabilidad en consumo el\u00e9ctrico).<\/li>\n<\/ul>\n\n\n\n<p>El ISAEER confirma que Entre R\u00edos atraviesa una fase recesiva y ca\u00edda considerable de la actividad econ\u00f3mica. La ca\u00edda en consumo, recaudaci\u00f3n y empleo fueron las m\u00e1s afectadas. Aun as\u00ed, no existen pol\u00edticas p\u00fablicas provinciales que morigeren o compensen dicha contracci\u00f3n. No se prev\u00e9 un plan econ\u00f3mico provincial que amortig\u00fce y\/o genere un crecimiento en la actividad productiva provincial.<\/p>\n\n\n\n<p>Fuente: Direcci\u00f3n General de Estad\u00edsticas y Censos de ER &#8211; 29 de julio 2025.<\/p>\n","protected":false},"excerpt":{"rendered":"<p>De acuerdo al Indicador Sint&eacute;tico de Actividad Econ&oacute;mica de Entre R&iacute;os (ISAEER), elaborado conjuntamente entre Direcci&oacute;n General de Estad&iacute;stica y Censos, la Facultad de Ciencias Econ&oacute;micas de la UNER y el Consejo Empresario de Entre R&iacute;os, la econom&iacute;a entrerriana cay&oacute; un 7.18% en el a&ntilde;o 2024 respecto del a&ntilde;o 2023. Si se realiza una comparaci&oacute;n [&hellip;]<\/p>\n","protected":false},"author":2,"featured_media":14538,"comment_status":"open","ping_status":"open","sticky":false,"template":"","format":"standard","meta":{"footnotes":""},"categories":[11,4],"tags":[36,5563,33],"class_list":["post-14536","post","type-post","status-publish","format-standard","has-post-thumbnail","hentry","category-politica","category-provinciales","tag-caida","tag-economia","tag-entre-rios"],"_links":{"self":[{"href":"https:\/\/impactodenoticias.com.ar\/index.php?rest_route=\/wp\/v2\/posts\/14536","targetHints":{"allow":["GET"]}}],"collection":[{"href":"https:\/\/impactodenoticias.com.ar\/index.php?rest_route=\/wp\/v2\/posts"}],"about":[{"href":"https:\/\/impactodenoticias.com.ar\/index.php?rest_route=\/wp\/v2\/types\/post"}],"author":[{"embeddable":true,"href":"https:\/\/impactodenoticias.com.ar\/index.php?rest_route=\/wp\/v2\/users\/2"}],"replies":[{"embeddable":true,"href":"https:\/\/impactodenoticias.com.ar\/index.php?rest_route=%2Fwp%2Fv2%2Fcomments&post=14536"}],"version-history":[{"count":1,"href":"https:\/\/impactodenoticias.com.ar\/index.php?rest_route=\/wp\/v2\/posts\/14536\/revisions"}],"predecessor-version":[{"id":14539,"href":"https:\/\/impactodenoticias.com.ar\/index.php?rest_route=\/wp\/v2\/posts\/14536\/revisions\/14539"}],"wp:featuredmedia":[{"embeddable":true,"href":"https:\/\/impactodenoticias.com.ar\/index.php?rest_route=\/wp\/v2\/media\/14538"}],"wp:attachment":[{"href":"https:\/\/impactodenoticias.com.ar\/index.php?rest_route=%2Fwp%2Fv2%2Fmedia&parent=14536"}],"wp:term":[{"taxonomy":"category","embeddable":true,"href":"https:\/\/impactodenoticias.com.ar\/index.php?rest_route=%2Fwp%2Fv2%2Fcategories&post=14536"},{"taxonomy":"post_tag","embeddable":true,"href":"https:\/\/impactodenoticias.com.ar\/index.php?rest_route=%2Fwp%2Fv2%2Ftags&post=14536"}],"curies":[{"name":"wp","href":"https:\/\/api.w.org\/{rel}","templated":true}]}}