{"id":14548,"date":"2025-07-31T09:56:14","date_gmt":"2025-07-31T12:56:14","guid":{"rendered":"https:\/\/impactodenoticias.com.ar\/?p=14548"},"modified":"2025-07-31T09:56:15","modified_gmt":"2025-07-31T12:56:15","slug":"parana-arrestaron-a-un-sujeto-tras-el-robo-de-una-moto-en-el-barrio-pirola","status":"publish","type":"post","link":"https:\/\/impactodenoticias.com.ar\/?p=14548","title":{"rendered":"Paran\u00e1: arrestaron a un sujeto tras el robo de una moto en el barrio Pirola"},"content":{"rendered":"\n<h2 class=\"wp-block-heading\">Detuvieron a un ciudadano que sustrajo una moto en la zona de barrio Pirola de Paran\u00e1. El sospechoso fue arrestado y poco despu\u00e9s confes\u00f3 a la Polic\u00eda d\u00f3nde estaba el veh\u00edculo. Fue puesto a disposici\u00f3n de la Justicia.<\/h2>\n\n\n\n<p>Seg\u00fan se inform\u00f3 a <strong>IMPACTO DE NOTICIAS<\/strong>, cerca de las 5:20, personal policial logr\u00f3 aprehendi\u00f3 a un hombre implicado en un hecho de tentativa de robo de motoveh\u00edculo en flagrancia, ocurrido en calle Jos\u00e9 Mar\u00eda Paz.<\/p>\n\n\n\n<p><\/p>\n\n\n\n<figure class=\"wp-block-image size-full\"><img loading=\"lazy\" decoding=\"async\" width=\"1024\" height=\"532\" src=\"https:\/\/impactodenoticias.com.ar\/wp-content\/uploads\/2025\/07\/Moto-Sustraida-Parana.webp\" alt=\"\" class=\"wp-image-14550\" srcset=\"https:\/\/impactodenoticias.com.ar\/wp-content\/uploads\/2025\/07\/Moto-Sustraida-Parana.webp 1024w, https:\/\/impactodenoticias.com.ar\/wp-content\/uploads\/2025\/07\/Moto-Sustraida-Parana-300x156.webp 300w, https:\/\/impactodenoticias.com.ar\/wp-content\/uploads\/2025\/07\/Moto-Sustraida-Parana-768x399.webp 768w\" sizes=\"auto, (max-width: 1024px) 100vw, 1024px\" \/><\/figure>\n\n\n\n<p><\/p>\n\n\n\n<p>El procedimiento policial comenz\u00f3 tras el aviso de un vecino a las autoridades sobre la sustracci\u00f3n de una motocicleta marca Mondial LD 110CC, con traba volante, desde su domicilio.<\/p>\n\n\n\n<p>Con suma celaridad se despleg\u00f3 un operativo de b\u00fasqueda que finaliz\u00f3 con la localizaci\u00f3n y detenci\u00f3n del sospechoso escondido en un pasillo del barrio Pirola.<\/p>\n\n\n\n<p>En la intervenci\u00f3n, el sujeto reconoci\u00f3 haber sustra\u00eddo el rodado junto a otra persona, cuyos datos se desconocen, y facilit\u00f3 informaci\u00f3n sobre el paradero del veh\u00edculo.<\/p>\n\n\n\n<p>La motocicleta fue recuperada en una vivienda cercana, cuyo propietario entreg\u00f3 voluntariamente, informando haberla guardado pensando que estaba fuera de uso. Se dio intervenci\u00f3n a la Fiscal\u00eda de turno, que dispuso el alojamiento del detenido por el delito de tentativa de robo.<\/p>\n","protected":false},"excerpt":{"rendered":"<p>Detuvieron a un ciudadano que sustrajo una moto en la zona de barrio Pirola de Paran&aacute;. El sospechoso fue arrestado y poco despu&eacute;s confes&oacute; a la Polic&iacute;a d&oacute;nde estaba el veh&iacute;culo. Fue puesto a disposici&oacute;n de la Justicia. Seg&uacute;n se inform&oacute; a IMPACTO DE NOTICIAS, cerca de las 5:20, personal policial logr&oacute; aprehendi&oacute; a un [&hellip;]<\/p>\n","protected":false},"author":2,"featured_media":14549,"comment_status":"open","ping_status":"open","sticky":false,"template":"","format":"standard","meta":{"footnotes":""},"categories":[3,8],"tags":[1145,175,388,95,5566,118,147],"class_list":["post-14548","post","type-post","status-publish","format-standard","has-post-thumbnail","hentry","category-locales","category-policiales","tag-barrio","tag-detenido","tag-moto","tag-parana","tag-pirola","tag-policiales","tag-robo"],"_links":{"self":[{"href":"https:\/\/impactodenoticias.com.ar\/index.php?rest_route=\/wp\/v2\/posts\/14548","targetHints":{"allow":["GET"]}}],"collection":[{"href":"https:\/\/impactodenoticias.com.ar\/index.php?rest_route=\/wp\/v2\/posts"}],"about":[{"href":"https:\/\/impactodenoticias.com.ar\/index.php?rest_route=\/wp\/v2\/types\/post"}],"author":[{"embeddable":true,"href":"https:\/\/impactodenoticias.com.ar\/index.php?rest_route=\/wp\/v2\/users\/2"}],"replies":[{"embeddable":true,"href":"https:\/\/impactodenoticias.com.ar\/index.php?rest_route=%2Fwp%2Fv2%2Fcomments&post=14548"}],"version-history":[{"count":1,"href":"https:\/\/impactodenoticias.com.ar\/index.php?rest_route=\/wp\/v2\/posts\/14548\/revisions"}],"predecessor-version":[{"id":14551,"href":"https:\/\/impactodenoticias.com.ar\/index.php?rest_route=\/wp\/v2\/posts\/14548\/revisions\/14551"}],"wp:featuredmedia":[{"embeddable":true,"href":"https:\/\/impactodenoticias.com.ar\/index.php?rest_route=\/wp\/v2\/media\/14549"}],"wp:attachment":[{"href":"https:\/\/impactodenoticias.com.ar\/index.php?rest_route=%2Fwp%2Fv2%2Fmedia&parent=14548"}],"wp:term":[{"taxonomy":"category","embeddable":true,"href":"https:\/\/impactodenoticias.com.ar\/index.php?rest_route=%2Fwp%2Fv2%2Fcategories&post=14548"},{"taxonomy":"post_tag","embeddable":true,"href":"https:\/\/impactodenoticias.com.ar\/index.php?rest_route=%2Fwp%2Fv2%2Ftags&post=14548"}],"curies":[{"name":"wp","href":"https:\/\/api.w.org\/{rel}","templated":true}]}}