{"id":14560,"date":"2025-07-31T10:16:23","date_gmt":"2025-07-31T13:16:23","guid":{"rendered":"https:\/\/impactodenoticias.com.ar\/?p=14560"},"modified":"2025-08-01T12:02:41","modified_gmt":"2025-08-01T15:02:41","slug":"sin-frigerio-aliado-a-milei-gobernadores-del-centro-y-sur-conformaron-un-frente-electoral-para-competir-contra-el-libertario","status":"publish","type":"post","link":"https:\/\/impactodenoticias.com.ar\/?p=14560","title":{"rendered":"Sin Frigerio aliado a Milei: gobernadores del centro y sur conformaron un frente electoral para competir contra el libertario"},"content":{"rendered":"\n<h2 class=\"wp-block-heading\">Los mandatarios de Chubut, Santa Fe, C\u00f3rdoba, Jujuy y Santa Cruz anunciaron hoy que competir\u00e1n \u201cmancomunadamente\u201d en las elecciones legislativas de octubre para representar a \u201cla Argentina del trabajo\u201d y sumar una \u201cmirada\u201d federal en el parlamento.<\/h2>\n\n\n\n<p>\u201cHay un grito federal que necesita voces en el Congreso\u201d, manifestaron los gobernadores Ignacio Torres (Chubut), Maximiliano Pullaro (Santa Fe), Mart\u00edn Llaryora (C\u00f3rdoba), Carlos Sadir (Jujuy) y Claudio Vidal (Santa Cruz) en un documento titulado Un grito federal.<\/p>\n\n\n\n<p>En el texto, indicaron que tienen \u201cla enorme responsabilidad de defender los intereses de nuestras provincias y, al mismo tiempo, contribuir a la gobernabilidad de la Argentina\u201d.<\/p>\n\n\n\n<p>Reivindicaron tambi\u00e9n el \u201cesfuerzo de todos los argentinos\u201d por alcanzar el equilibrio fiscal tanto en Naci\u00f3n como en las provincias y lo calificaron como \u201cimprescindible\u201d.<\/p>\n\n\n\n<p>\u201cComo lo es para nosotros, que representamos al interior productivo, que esos avances incluyan las obras de infraestructura imprescindibles para desarrollar nuestras provincias, \u00fanico camino para desarrollar el pa\u00eds\u201d, agregaron.<\/p>\n\n\n\n<p>Y afirmaron que \u201ces nuestro deber cuidar a nuestra gente y ser capaces de crecer en armon\u00eda y con igualdad de oportunidades para cada uno de los 47 millones de argentinos\u201d.<\/p>\n\n\n\n<p>En este contexto, los gobernadores anunciaron que competir\u00e1n en las elecciones legislativas con \u201cuna mirada puesta en el futuro, con la decisi\u00f3n de hacernos cargo del presente y de dejar atr\u00e1s, definitivamente, el pasado que nos dividi\u00f3 y fren\u00f3 nuestro desarrollo\u201d.<\/p>\n\n\n\n<p>\u201cNuestra vocaci\u00f3n es clara: construir, todos los d\u00edas, la Argentina de los sue\u00f1os de todos\u201d, finalizaron los mandatarios provinciales.<\/p>\n\n\n\n<p>Fue notoria la no presencia de Rogelio Frigerio, quien en varias oportunidades anunci\u00f3 pol\u00edticas federalistas junto a los gobernadores de C\u00f3rdoba y Santa Fe, lo cierto es que blondo y blando mandatario, en un giro de 90 grados, decidi\u00f3 de lleno aliarse a Javier Milei, autorizando adem\u00e1s el mixeo de Juntos por Entre R\u00edos y los cuestionad\u00edsimo dirigentes pseudo libertarios en la provincia de cara a las pr\u00f3ximas elecciones.<\/p>\n","protected":false},"excerpt":{"rendered":"<p>Los mandatarios de Chubut, Santa Fe, C&oacute;rdoba, Jujuy y Santa Cruz anunciaron hoy que competir&aacute;n &ldquo;mancomunadamente&rdquo; en las elecciones legislativas de octubre para representar a &ldquo;la Argentina del trabajo&rdquo; y sumar una &ldquo;mirada&rdquo; federal en el parlamento. &ldquo;Hay un grito federal que necesita voces en el Congreso&rdquo;, manifestaron los gobernadores Ignacio Torres (Chubut), Maximiliano Pullaro [&hellip;]<\/p>\n","protected":false},"author":2,"featured_media":14561,"comment_status":"open","ping_status":"open","sticky":false,"template":"","format":"standard","meta":{"footnotes":""},"categories":[10,11],"tags":[5570,2991,5571,4453,5569,212,4105,4106,39,5568],"class_list":["post-14560","post","type-post","status-publish","format-standard","has-post-thumbnail","hentry","category-nacionales","category-politica","tag-carlos-sadir","tag-centro","tag-claudio-vidal","tag-gobernadores","tag-ignacio-torres","tag-javier-milei","tag-martin-llaryora","tag-maximiliano-pullaro","tag-rogelio-frigerio","tag-sur"],"_links":{"self":[{"href":"https:\/\/impactodenoticias.com.ar\/index.php?rest_route=\/wp\/v2\/posts\/14560","targetHints":{"allow":["GET"]}}],"collection":[{"href":"https:\/\/impactodenoticias.com.ar\/index.php?rest_route=\/wp\/v2\/posts"}],"about":[{"href":"https:\/\/impactodenoticias.com.ar\/index.php?rest_route=\/wp\/v2\/types\/post"}],"author":[{"embeddable":true,"href":"https:\/\/impactodenoticias.com.ar\/index.php?rest_route=\/wp\/v2\/users\/2"}],"replies":[{"embeddable":true,"href":"https:\/\/impactodenoticias.com.ar\/index.php?rest_route=%2Fwp%2Fv2%2Fcomments&post=14560"}],"version-history":[{"count":1,"href":"https:\/\/impactodenoticias.com.ar\/index.php?rest_route=\/wp\/v2\/posts\/14560\/revisions"}],"predecessor-version":[{"id":14562,"href":"https:\/\/impactodenoticias.com.ar\/index.php?rest_route=\/wp\/v2\/posts\/14560\/revisions\/14562"}],"wp:featuredmedia":[{"embeddable":true,"href":"https:\/\/impactodenoticias.com.ar\/index.php?rest_route=\/wp\/v2\/media\/14561"}],"wp:attachment":[{"href":"https:\/\/impactodenoticias.com.ar\/index.php?rest_route=%2Fwp%2Fv2%2Fmedia&parent=14560"}],"wp:term":[{"taxonomy":"category","embeddable":true,"href":"https:\/\/impactodenoticias.com.ar\/index.php?rest_route=%2Fwp%2Fv2%2Fcategories&post=14560"},{"taxonomy":"post_tag","embeddable":true,"href":"https:\/\/impactodenoticias.com.ar\/index.php?rest_route=%2Fwp%2Fv2%2Ftags&post=14560"}],"curies":[{"name":"wp","href":"https:\/\/api.w.org\/{rel}","templated":true}]}}