{"id":14570,"date":"2025-08-01T11:38:06","date_gmt":"2025-08-01T14:38:06","guid":{"rendered":"https:\/\/impactodenoticias.com.ar\/?p=14570"},"modified":"2025-08-01T11:38:06","modified_gmt":"2025-08-01T14:38:06","slug":"un-auto-se-prendio-fuego-en-ruta-provincial-nro-32","status":"publish","type":"post","link":"https:\/\/impactodenoticias.com.ar\/?p=14570","title":{"rendered":"Un auto se prendi\u00f3 fuego en Ruta provincial nro 32"},"content":{"rendered":"\n<h2 class=\"wp-block-heading\">El siniestro se registr\u00f3 alrededor de la media noche e intervinieron los bomberos de la ciudad de Mar\u00eda Grande, que adem\u00e1s debieron reforzar las tareas porque las llamas ocasionaron incendios de pastizales.<\/h2>\n\n\n\n<p>R\u00e1pidamente, se despach\u00f3 la unidad pesada de bomberos voluntarios al lugar del siniestro. Al llegar al lugar, se constat\u00f3 que se trat\u00f3 de un veh\u00edculo de menor porte, y que el fuego hab\u00eda generado adem\u00e1s una interfase con incendio forestal. Ante esta situaci\u00f3n y debido a las r\u00e1fagas de viento que favorec\u00edan la propagaci\u00f3n del fuego, se solicita preventivamente el apoyo de una unidad mediana.<\/p>\n\n\n\n<p><\/p>\n\n\n\n<figure class=\"wp-block-image size-large\"><img loading=\"lazy\" decoding=\"async\" width=\"768\" height=\"1024\" src=\"https:\/\/impactodenoticias.com.ar\/wp-content\/uploads\/2025\/08\/Imagen-2-768x1024.webp\" alt=\"\" class=\"wp-image-14571\" srcset=\"https:\/\/impactodenoticias.com.ar\/wp-content\/uploads\/2025\/08\/Imagen-2-768x1024.webp 768w, https:\/\/impactodenoticias.com.ar\/wp-content\/uploads\/2025\/08\/Imagen-2-225x300.webp 225w, https:\/\/impactodenoticias.com.ar\/wp-content\/uploads\/2025\/08\/Imagen-2.webp 1068w\" sizes=\"auto, (max-width: 768px) 100vw, 768px\" \/><\/figure>\n\n\n\n<p><\/p>\n\n\n\n<p>A pesar de que las p\u00e9rdidas materiales del rodado fueron totales, afortunadamente no se registraron heridos.<\/p>\n","protected":false},"excerpt":{"rendered":"<p>El siniestro se registr&oacute; alrededor de la media noche e intervinieron los bomberos de la ciudad de Mar&iacute;a Grande, que adem&aacute;s debieron reforzar las tareas porque las llamas ocasionaron incendios de pastizales. R&aacute;pidamente, se despach&oacute; la unidad pesada de bomberos voluntarios al lugar del siniestro. Al llegar al lugar, se constat&oacute; que se trat&oacute; de [&hellip;]<\/p>\n","protected":false},"author":2,"featured_media":14572,"comment_status":"open","ping_status":"open","sticky":false,"template":"","format":"standard","meta":{"footnotes":""},"categories":[8,4],"tags":[507,227,1041,1477],"class_list":["post-14570","post","type-post","status-publish","format-standard","has-post-thumbnail","hentry","category-policiales","category-provinciales","tag-auto","tag-incendio","tag-maria-grande","tag-ruta-32"],"_links":{"self":[{"href":"https:\/\/impactodenoticias.com.ar\/index.php?rest_route=\/wp\/v2\/posts\/14570","targetHints":{"allow":["GET"]}}],"collection":[{"href":"https:\/\/impactodenoticias.com.ar\/index.php?rest_route=\/wp\/v2\/posts"}],"about":[{"href":"https:\/\/impactodenoticias.com.ar\/index.php?rest_route=\/wp\/v2\/types\/post"}],"author":[{"embeddable":true,"href":"https:\/\/impactodenoticias.com.ar\/index.php?rest_route=\/wp\/v2\/users\/2"}],"replies":[{"embeddable":true,"href":"https:\/\/impactodenoticias.com.ar\/index.php?rest_route=%2Fwp%2Fv2%2Fcomments&post=14570"}],"version-history":[{"count":1,"href":"https:\/\/impactodenoticias.com.ar\/index.php?rest_route=\/wp\/v2\/posts\/14570\/revisions"}],"predecessor-version":[{"id":14573,"href":"https:\/\/impactodenoticias.com.ar\/index.php?rest_route=\/wp\/v2\/posts\/14570\/revisions\/14573"}],"wp:featuredmedia":[{"embeddable":true,"href":"https:\/\/impactodenoticias.com.ar\/index.php?rest_route=\/wp\/v2\/media\/14572"}],"wp:attachment":[{"href":"https:\/\/impactodenoticias.com.ar\/index.php?rest_route=%2Fwp%2Fv2%2Fmedia&parent=14570"}],"wp:term":[{"taxonomy":"category","embeddable":true,"href":"https:\/\/impactodenoticias.com.ar\/index.php?rest_route=%2Fwp%2Fv2%2Fcategories&post=14570"},{"taxonomy":"post_tag","embeddable":true,"href":"https:\/\/impactodenoticias.com.ar\/index.php?rest_route=%2Fwp%2Fv2%2Ftags&post=14570"}],"curies":[{"name":"wp","href":"https:\/\/api.w.org\/{rel}","templated":true}]}}