{"id":14574,"date":"2025-08-01T11:59:40","date_gmt":"2025-08-01T14:59:40","guid":{"rendered":"https:\/\/impactodenoticias.com.ar\/?p=14574"},"modified":"2025-08-02T09:11:35","modified_gmt":"2025-08-02T12:11:35","slug":"la-defensa-de-christe-considera-infundado-que-le-retiren-el-arresto-domiciliario","status":"publish","type":"post","link":"https:\/\/impactodenoticias.com.ar\/?p=14574","title":{"rendered":"La defensa de Christe considera \u201cinfundado\u201d que le retiren el arresto domiciliario"},"content":{"rendered":"\n<h2 class=\"wp-block-heading\">Jorge Juli\u00e1n Christe, acusado por la muerte de Julieta Riera luego de caer del octavo piso de un edificio en Paran\u00e1 en abril de 2020, deber\u00e1 afrontar este viernes a las 12 una audiencia en Tribunales donde se definir\u00e1 si contin\u00faa la espera del juicio con arresto domiciliaria o en una unidad penal.<\/h2>\n\n\n\n<p>El hombre de 35 a\u00f1os ya fue declarado culpable por un jurado popular en un juicio que se llev\u00f3 a cabo en 2021. No obstante, en junio de 2023 el Superior Tribunal de Justicia de Entre R\u00edos anul\u00f3 la condena y orden\u00f3 la realizaci\u00f3n de un nuevo juicio. Y tambi\u00e9n le otorg\u00f3 el arresto domiciliario.<\/p>\n\n\n\n<p>Este beneficio est\u00e1 hoy en duda ya que la Fiscal\u00eda present\u00f3 ante el juez del caso Juan Malvasio un pedido para que le revoque la domiciliaria, ya que afirman contar con pruebas del incumplimiento de las restricciones. El fiscal Santiago Alfieri se\u00f1al\u00f3 este jueves que cuentan con pruebas y testimonios. Por ahora, Chsriste fue trasladado y qued\u00f3 incomunicado en la Alcaid\u00eda de Tribunales a la espera de la audiencia de este viernes al mediod\u00eda.<\/p>\n\n\n\n<p>La defensa del acusado critic\u00f3 el pedido de la Fiscal\u00eda y repas\u00f3 que el hombre ha tenido puesta estos a\u00f1os una tobillera electr\u00f3nica, ha recibido \u201ccotidianos controles de la Polic\u00eda\u201d en el domicilio, y \u201cjam\u00e1s ha existido ninguna irregularidad\u201d.<\/p>\n\n\n\n<p>La abogada defensora Mariana Barbitta indic\u00f3 que el Fiscal Alfieri ha solicitado \u201cde forma desproporcionada e infundada\u201d la revocaci\u00f3n de su arresto domiciliario \u201ca pesar de que lleva m\u00e1s de cinco a\u00f1os privado de su libertad preventivamente, siendo inocente\u201d.<\/p>\n\n\n\n<p>La defensora record\u00f3 adem\u00e1s que a\u00fan se espera que se expida la Corte Suprema de Justicia de la Naci\u00f3n sobre el juicio que luego fue anulado y donde fue condenado.<\/p>\n\n\n\n<p>Barbitta agreg\u00f3 que el pedido de revocatoria se bas\u00f3 en un informe que \u201cno demuestra de ninguna manera alg\u00fan tipo de incumplimiento\u201d y que tan s\u00f3lo consiste en \u201cuna foto de Juli\u00e1n en la puerta recibiendo a su hijo menor de edad\u201d.<\/p>\n\n\n\n<p>Y mencion\u00f3 que la Polic\u00eda entrevist\u00f3 a vecinos que habr\u00edan dado cuenta de que las \u00fanicas veces que han visto a Christe \u201cha sido cuando abre la puerta a alg\u00fan repartidor de comida o para recibir a sus familiares\u201d.<\/p>\n","protected":false},"excerpt":{"rendered":"<p>Jorge Juli&aacute;n Christe, acusado por la muerte de Julieta Riera luego de caer del octavo piso de un edificio en Paran&aacute; en abril de 2020, deber&aacute; afrontar este viernes a las 12 una audiencia en Tribunales donde se definir&aacute; si contin&uacute;a la espera del juicio con arresto domiciliaria o en una unidad penal. El hombre [&hellip;]<\/p>\n","protected":false},"author":2,"featured_media":14575,"comment_status":"open","ping_status":"open","sticky":false,"template":"","format":"standard","meta":{"footnotes":""},"categories":[90,4],"tags":[5578,5577,5580,5579,95,2511,3122],"class_list":["post-14574","post","type-post","status-publish","format-standard","has-post-thumbnail","hentry","category-judicial","category-provinciales","tag-arresto-domiciliario","tag-jorge-julian-christe","tag-juan-malvasio","tag-mariana-barbitta","tag-parana","tag-santiago-alfieri","tag-unidad-penal"],"_links":{"self":[{"href":"https:\/\/impactodenoticias.com.ar\/index.php?rest_route=\/wp\/v2\/posts\/14574","targetHints":{"allow":["GET"]}}],"collection":[{"href":"https:\/\/impactodenoticias.com.ar\/index.php?rest_route=\/wp\/v2\/posts"}],"about":[{"href":"https:\/\/impactodenoticias.com.ar\/index.php?rest_route=\/wp\/v2\/types\/post"}],"author":[{"embeddable":true,"href":"https:\/\/impactodenoticias.com.ar\/index.php?rest_route=\/wp\/v2\/users\/2"}],"replies":[{"embeddable":true,"href":"https:\/\/impactodenoticias.com.ar\/index.php?rest_route=%2Fwp%2Fv2%2Fcomments&post=14574"}],"version-history":[{"count":1,"href":"https:\/\/impactodenoticias.com.ar\/index.php?rest_route=\/wp\/v2\/posts\/14574\/revisions"}],"predecessor-version":[{"id":14576,"href":"https:\/\/impactodenoticias.com.ar\/index.php?rest_route=\/wp\/v2\/posts\/14574\/revisions\/14576"}],"wp:featuredmedia":[{"embeddable":true,"href":"https:\/\/impactodenoticias.com.ar\/index.php?rest_route=\/wp\/v2\/media\/14575"}],"wp:attachment":[{"href":"https:\/\/impactodenoticias.com.ar\/index.php?rest_route=%2Fwp%2Fv2%2Fmedia&parent=14574"}],"wp:term":[{"taxonomy":"category","embeddable":true,"href":"https:\/\/impactodenoticias.com.ar\/index.php?rest_route=%2Fwp%2Fv2%2Fcategories&post=14574"},{"taxonomy":"post_tag","embeddable":true,"href":"https:\/\/impactodenoticias.com.ar\/index.php?rest_route=%2Fwp%2Fv2%2Ftags&post=14574"}],"curies":[{"name":"wp","href":"https:\/\/api.w.org\/{rel}","templated":true}]}}