{"id":14584,"date":"2025-08-02T00:34:01","date_gmt":"2025-08-02T03:34:01","guid":{"rendered":"https:\/\/impactodenoticias.com.ar\/?p=14584"},"modified":"2025-08-03T09:53:11","modified_gmt":"2025-08-03T12:53:11","slug":"santa-elena-lanzo-una-nueva-edicion-de-la-costera-trail","status":"publish","type":"post","link":"https:\/\/impactodenoticias.com.ar\/?p=14584","title":{"rendered":"Santa Elena lanz\u00f3 una nueva edici\u00f3n de la Costera Trail"},"content":{"rendered":"\n<h2 class=\"wp-block-heading\">La Direcci\u00f3n de Turismo de Santa Elena, en conjunto con la Secretar\u00eda de Turismo de Entre R\u00edos, realiz\u00f3 el lanzamiento oficial de la cuarta edici\u00f3n de la Costera Trail, que se correr\u00e1 el pr\u00f3ximo domingo 24 de agosto.<\/h2>\n\n\n\n<p>Esta propuesta deportiva y tur\u00edstica contar\u00e1 con recorridos de hasta 32 kil\u00f3metros a trav\u00e9s de senderos naturales que combinan bosque, arena, barro, cuestas, barrancas y cruces de agua, en pleno entorno costero del Paran\u00e1.<\/p>\n\n\n\n<p>Como gesto distintivo, durante la presentaci\u00f3n se comparti\u00f3 ca\u00f1a con ruda elaborada artesanalmente en Santa Elena, sumando al ritual tradicional del 1\u00b0 de agosto un s\u00edmbolo de protecci\u00f3n y energ\u00eda para dar inicio a esta nueva etapa del a\u00f1o.<\/p>\n\n\n\n<p>Desde el viernes 22, la ciudad comenzar\u00e1 a recibir a los corredores y sus familias, quienes no solo participar\u00e1n de la competencia, sino que tambi\u00e9n podr\u00e1n disfrutar de los servicios y atractivos tur\u00edsticos que Santa Elena tiene para ofrecer. El s\u00e1bado 23, a las 16 horas, se realizar\u00e1 la entrega de kits a los inscriptos, y desde las 17 horas, en el Muelle, se vivir\u00e1 una edici\u00f3n especial del Carnaval de Invierno, con m\u00fasica, ritmo y bienvenida oficial en un clima festivo.<\/p>\n\n\n\n<p><\/p>\n\n\n\n<figure class=\"wp-block-image size-large\"><img loading=\"lazy\" decoding=\"async\" width=\"768\" height=\"1024\" src=\"https:\/\/impactodenoticias.com.ar\/wp-content\/uploads\/2025\/08\/525862768_1178175011020919_8169575325273755137_n-768x1024.jpg\" alt=\"\" class=\"wp-image-14585\" srcset=\"https:\/\/impactodenoticias.com.ar\/wp-content\/uploads\/2025\/08\/525862768_1178175011020919_8169575325273755137_n-768x1024.jpg 768w, https:\/\/impactodenoticias.com.ar\/wp-content\/uploads\/2025\/08\/525862768_1178175011020919_8169575325273755137_n-225x300.jpg 225w, https:\/\/impactodenoticias.com.ar\/wp-content\/uploads\/2025\/08\/525862768_1178175011020919_8169575325273755137_n-1152x1536.jpg 1152w, https:\/\/impactodenoticias.com.ar\/wp-content\/uploads\/2025\/08\/525862768_1178175011020919_8169575325273755137_n.jpg 1536w\" sizes=\"auto, (max-width: 768px) 100vw, 768px\" \/><\/figure>\n\n\n\n<p><\/p>\n\n\n\n<p>El domingo la actividad comenzar\u00e1 temprano con el precalentamiento y la largada desde el Camping Municipal, espacio que tambi\u00e9n ser\u00e1 punto de llegada y donde se realizar\u00e1 la entrega de premios. La competencia incluir\u00e1 categor\u00edas de 10 km en modalidad trekking, y de 10, 17, 25 y 32 km en trail competitivo, pensadas para distintos niveles de preparaci\u00f3n.<\/p>\n\n\n\n<p>Carina Spahn, directora de Turismo de Santa Elena, destac\u00f3 que la propuesta busca seguir posicionando a la ciudad como destino de turismo activo, al tiempo que potencia el trabajo conjunto con el sector privado y las instituciones locales. \u201cNos estamos preparando para recibir a todos los corredores y visitantes que eligen esta experiencia, que ya es parte de nuestra identidad\u201d, expres\u00f3.<\/p>\n\n\n\n<p>Por su parte, Sebasti\u00e1n Bel, director general de Turismo de Entre R\u00edos, valor\u00f3 la iniciativa remarcando que \u201cconjugar el deporte con el paisaje costero gener\u00f3 un gran producto tur\u00edstico\u201d. Y agreg\u00f3: \u201cLa intenci\u00f3n es fortalecer la actividad tur\u00edstica, especialmente en momentos dif\u00edciles\u00bb adem\u00e1s de destacar la participaci\u00f3n de Santa Elena como parte de la Microrregi\u00f3n R\u00edo Nativo, de la que forma parte activamente.<\/p>\n\n\n\n<p>Con un entorno natural privilegiado y una comunidad comprometida, Santa Elena se consolida como sede de eventos que integran naturaleza, deporte, cultura y turismo, invitando a vivir un fin de semana lleno de movimiento, disfrute y experiencias aut\u00e9nticas.<\/p>\n","protected":false},"excerpt":{"rendered":"<p>La Direcci&oacute;n de Turismo de Santa Elena, en conjunto con la Secretar&iacute;a de Turismo de Entre R&iacute;os, realiz&oacute; el lanzamiento oficial de la cuarta edici&oacute;n de la Costera Trail, que se correr&aacute; el pr&oacute;ximo domingo 24 de agosto. Esta propuesta deportiva y tur&iacute;stica contar&aacute; con recorridos de hasta 32 kil&oacute;metros a trav&eacute;s de senderos naturales [&hellip;]<\/p>\n","protected":false},"author":2,"featured_media":14586,"comment_status":"open","ping_status":"open","sticky":false,"template":"","format":"standard","meta":{"footnotes":""},"categories":[4,49],"tags":[3646,5584,5583,5581,5587,1129,95,439,5586,5585],"class_list":["post-14584","post","type-post","status-publish","format-standard","has-post-thumbnail","hentry","category-provinciales","category-sociedad","tag-carina-spahn","tag-costera","tag-edicion","tag-lanzo","tag-microregion-rio-nativo","tag-nueva","tag-parana","tag-santa-elena","tag-sebastian-bell","tag-trail"],"_links":{"self":[{"href":"https:\/\/impactodenoticias.com.ar\/index.php?rest_route=\/wp\/v2\/posts\/14584","targetHints":{"allow":["GET"]}}],"collection":[{"href":"https:\/\/impactodenoticias.com.ar\/index.php?rest_route=\/wp\/v2\/posts"}],"about":[{"href":"https:\/\/impactodenoticias.com.ar\/index.php?rest_route=\/wp\/v2\/types\/post"}],"author":[{"embeddable":true,"href":"https:\/\/impactodenoticias.com.ar\/index.php?rest_route=\/wp\/v2\/users\/2"}],"replies":[{"embeddable":true,"href":"https:\/\/impactodenoticias.com.ar\/index.php?rest_route=%2Fwp%2Fv2%2Fcomments&post=14584"}],"version-history":[{"count":2,"href":"https:\/\/impactodenoticias.com.ar\/index.php?rest_route=\/wp\/v2\/posts\/14584\/revisions"}],"predecessor-version":[{"id":14606,"href":"https:\/\/impactodenoticias.com.ar\/index.php?rest_route=\/wp\/v2\/posts\/14584\/revisions\/14606"}],"wp:featuredmedia":[{"embeddable":true,"href":"https:\/\/impactodenoticias.com.ar\/index.php?rest_route=\/wp\/v2\/media\/14586"}],"wp:attachment":[{"href":"https:\/\/impactodenoticias.com.ar\/index.php?rest_route=%2Fwp%2Fv2%2Fmedia&parent=14584"}],"wp:term":[{"taxonomy":"category","embeddable":true,"href":"https:\/\/impactodenoticias.com.ar\/index.php?rest_route=%2Fwp%2Fv2%2Fcategories&post=14584"},{"taxonomy":"post_tag","embeddable":true,"href":"https:\/\/impactodenoticias.com.ar\/index.php?rest_route=%2Fwp%2Fv2%2Ftags&post=14584"}],"curies":[{"name":"wp","href":"https:\/\/api.w.org\/{rel}","templated":true}]}}