{"id":14588,"date":"2025-08-02T08:36:30","date_gmt":"2025-08-02T11:36:30","guid":{"rendered":"https:\/\/impactodenoticias.com.ar\/?p=14588"},"modified":"2025-08-02T08:36:30","modified_gmt":"2025-08-02T11:36:30","slug":"revocaron-la-prision-domiciliaria-de-julian-christe-y-pasara-al-menos-60-dias-en-la-unidad-penal-nro-1-de-parana","status":"publish","type":"post","link":"https:\/\/impactodenoticias.com.ar\/?p=14588","title":{"rendered":"Revocaron la prisi\u00f3n domiciliaria de Juli\u00e1n Christe y pasar\u00e1 al menos 60 d\u00edas en la Unidad Penal Nro. 1 de Paran\u00e1"},"content":{"rendered":"\n<h2 class=\"wp-block-heading\">Christe acusado por el femicidio de Julieta Riera, fue trasladado en la tarde de este viernes, desde la Alcaid\u00eda de Tribunales, a la Unidad Penal N\u00ba1 de Paran\u00e1, donde estar\u00e1 por al menos 60 d\u00edas. La medida fue ordenada por el juez Malvasio, luego de una audiencia solicitada por la querella y la fiscal\u00eda.<\/h2>\n\n\n\n<p>\u201cEs una porquer\u00eda, porque yo estaba adentro de mi casa. Estaba en la puerta\u201d se\u00f1al\u00f3 al recibir la revocaci\u00f3n. Y sobre la foto difundida que ocasion\u00f3 su envi\u00f3 a la Unidad Penal, apunt\u00f3 que estaba \u201cparado en el borde de la puerta recibiendo a mi hijo\u201d.<\/p>\n\n\n\n<p>La abogada de Christe, Mariana Barbitta confirm\u00f3 que apelar\u00e1n la resoluci\u00f3n judicial que orden\u00f3 el traslado de Juli\u00e1n Christe a la Unidad Penal N.\u00ba 1 de Paran\u00e1 por 60 d\u00edas. \u201cNos acaban de notificar en la audiencia que revocaron el arresto domiciliario y anticip\u00f3 que vamos a apelar esta resoluci\u00f3n. Es de un nivel de arbitrariedad y de falta de fundamentaci\u00f3n muy grave. La foto no prueba una transgresi\u00f3n a las condiciones del arresto\u201d, manifest\u00f3.<\/p>\n\n\n\n<p>\u201cNo hubo ning\u00fan elemento m\u00e1s all\u00e1 de una foto que ni siquiera es en la vereda del domicilio, sino en la l\u00ednea que divide la puerta de la casa con la vereda\u201d, asegur\u00f3 la abogada, y destac\u00f3: \u201cJuli\u00e1n jam\u00e1s sali\u00f3 de su domicilio. Vive solo en una casa pensada para compartir con su hijo, menor de edad\u201d.<\/p>\n\n\n\n<p>La letrada defensora agreg\u00f3 que en ese mismo punto \u2014el umbral del domicilio\u2014 es donde la polic\u00eda acude regularmente para tomarle firma durante los controles. \u201cSi hubiesen sacado una foto a la polic\u00eda en ese lugar, \u00bfqu\u00e9 hubiese dicho el Estado?\u201d, se pregunt\u00f3.<\/p>\n\n\n\n<p>La defensa cuenta con un plazo de cinco d\u00edas para presentar el recurso de casaci\u00f3n. Sin embargo, Barbitta se\u00f1al\u00f3 que podr\u00edan presentar medidas cautelares urgentes. \u201cProbablemente hagamos una presentaci\u00f3n el lunes a primera hora\u201d, mencion\u00f3.<\/p>\n\n\n\n<p>Y se\u00f1al\u00f3 que Christe se encuentra bajo arresto preventivo desde hace cinco a\u00f1os, sin condena firme. \u201cEl juicio se anul\u00f3 y todav\u00eda la Corte no resolvi\u00f3. Su estado es de inocencia y \u00e9l merece estar en libertad, no en prisi\u00f3n preventiva\u201d, subray\u00f3.<\/p>\n\n\n\n<p>Finaliz\u00f3 diciendo que: \u201c\u00c9l est\u00e1 con tobillera, tiene sistema de monitoreo y nunca hubo un informe de incumplimiento. Ojal\u00e1 la instancia superior revierta esta decisi\u00f3n y vuelva a su domicilio\u201d.<\/p>\n\n\n\n<p>Mientras que el abogado de la familia de Julieta Riera, Pedro Fontaneto, dijo: \u201cChriste es un privilegiado. Cualquier ciudadano com\u00fan, ante una situaci\u00f3n similar, est\u00e1 en la unidad penal. \u00c9l est\u00e1 en una quinta de grandes magnitudes, con todas las comodidades, y no ten\u00eda ning\u00fan tipo de necesidad de salir afuera, ya sea para atender un delivery, esperar un remis o lo que sea. Esto claramente es una actitud desafiante que ha tenido y bueno, tendr\u00e1 que empezar a pegarse a las reglas porque en m\u00e1s de una oportunidad se ha visto beneficiado en todo el proceso judicial y es hora que esto se empiece a revertir\u201d, finaliz\u00f3 Fontanetto.<\/p>\n","protected":false},"excerpt":{"rendered":"<p>Christe acusado por el femicidio de Julieta Riera, fue trasladado en la tarde de este viernes, desde la Alcaid&iacute;a de Tribunales, a la Unidad Penal N&ordm;1 de Paran&aacute;, donde estar&aacute; por al menos 60 d&iacute;as. La medida fue ordenada por el juez Malvasio, luego de una audiencia solicitada por la querella y la fiscal&iacute;a. &ldquo;Es [&hellip;]<\/p>\n","protected":false},"author":2,"featured_media":14589,"comment_status":"open","ping_status":"open","sticky":false,"template":"","format":"standard","meta":{"footnotes":""},"categories":[90,3,8],"tags":[5577,5588,5579,95,3122],"class_list":["post-14588","post","type-post","status-publish","format-standard","has-post-thumbnail","hentry","category-judicial","category-locales","category-policiales","tag-jorge-julian-christe","tag-malvasio","tag-mariana-barbitta","tag-parana","tag-unidad-penal"],"_links":{"self":[{"href":"https:\/\/impactodenoticias.com.ar\/index.php?rest_route=\/wp\/v2\/posts\/14588","targetHints":{"allow":["GET"]}}],"collection":[{"href":"https:\/\/impactodenoticias.com.ar\/index.php?rest_route=\/wp\/v2\/posts"}],"about":[{"href":"https:\/\/impactodenoticias.com.ar\/index.php?rest_route=\/wp\/v2\/types\/post"}],"author":[{"embeddable":true,"href":"https:\/\/impactodenoticias.com.ar\/index.php?rest_route=\/wp\/v2\/users\/2"}],"replies":[{"embeddable":true,"href":"https:\/\/impactodenoticias.com.ar\/index.php?rest_route=%2Fwp%2Fv2%2Fcomments&post=14588"}],"version-history":[{"count":1,"href":"https:\/\/impactodenoticias.com.ar\/index.php?rest_route=\/wp\/v2\/posts\/14588\/revisions"}],"predecessor-version":[{"id":14590,"href":"https:\/\/impactodenoticias.com.ar\/index.php?rest_route=\/wp\/v2\/posts\/14588\/revisions\/14590"}],"wp:featuredmedia":[{"embeddable":true,"href":"https:\/\/impactodenoticias.com.ar\/index.php?rest_route=\/wp\/v2\/media\/14589"}],"wp:attachment":[{"href":"https:\/\/impactodenoticias.com.ar\/index.php?rest_route=%2Fwp%2Fv2%2Fmedia&parent=14588"}],"wp:term":[{"taxonomy":"category","embeddable":true,"href":"https:\/\/impactodenoticias.com.ar\/index.php?rest_route=%2Fwp%2Fv2%2Fcategories&post=14588"},{"taxonomy":"post_tag","embeddable":true,"href":"https:\/\/impactodenoticias.com.ar\/index.php?rest_route=%2Fwp%2Fv2%2Ftags&post=14588"}],"curies":[{"name":"wp","href":"https:\/\/api.w.org\/{rel}","templated":true}]}}