{"id":14594,"date":"2025-08-02T08:57:06","date_gmt":"2025-08-02T11:57:06","guid":{"rendered":"https:\/\/impactodenoticias.com.ar\/?p=14594"},"modified":"2025-08-02T08:57:06","modified_gmt":"2025-08-02T11:57:06","slug":"islas-de-ibicuy-arrestaron-a-un-joven-por-venta-de-marihuana-y-cocaina","status":"publish","type":"post","link":"https:\/\/impactodenoticias.com.ar\/?p=14594","title":{"rendered":"Islas de Ibicuy: arrestaron a un joven por venta de marihuana y coca\u00edna"},"content":{"rendered":"\n<h2 class=\"wp-block-heading\">Personal de la Divisi\u00f3n Drogas Peligrosas, con apoyo del Grupo Especial de la Jefatura Departamental Islas, realiz\u00f3 un allanamiento en una casa ubicada en la intersecci\u00f3n de las calles Hip\u00f3lito Rivero y Cortada, en el marco de una causa por presunta venta de estupefacientes.<\/h2>\n\n\n\n<p>Seg\u00fan se inform\u00f3 a <strong>IMPACTO DE NOTICIAS<\/strong>, luego de varias semanas de investigaciones, se confirm\u00f3 la venta de estupefacientes al menudeo en la vivienda allanada. Con intervenci\u00f3n de la Unidad Fiscal de Villa Paranacito, a cargo de Gast\u00f3n Popelka, se solicit\u00f3 al Juzgado de Garant\u00edas y Transici\u00f3n N.\u00b0 1 de Gualeguaych\u00fa, presidido por Natalia C\u00e9spedes, la autorizaci\u00f3n para requisar el domicilio indicado.<\/p>\n\n\n\n<p><\/p>\n\n\n\n<figure class=\"wp-block-video\"><video height=\"848\" style=\"aspect-ratio: 476 \/ 848;\" width=\"476\" controls src=\"https:\/\/impactodenoticias.com.ar\/wp-content\/uploads\/2025\/08\/Islas-de-Ibicuy-Joven-Detenido-Drogas.mp4\"><\/video><\/figure>\n\n\n\n<p><\/p>\n\n\n\n<p>Durante el operativo, encabezado por el Grupo Especializado, se secuestraron: 13 gramos de clorhidrato de coca\u00edna, 225 gramos de marihuana, 123.500 pesos en efectivo, una balanza de precisi\u00f3n, tel\u00e9fonos m\u00f3viles, recortes utilizados para fraccionamiento, un rifle de aire comprimido modificado a calibre .22 y cinco cartuchos del mismo calibre.<\/p>\n\n\n\n<p>La magistrada orden\u00f3 la detenci\u00f3n e incomunicaci\u00f3n de un joven de 23 a\u00f1os, principal sospechoso en la causa, domiciliado en el lugar allanado. El joven ser\u00e1 indagado e imputado en el marco de la causa por comercializaci\u00f3n de estupefacientes.<\/p>\n\n\n\n<p><\/p>\n","protected":false},"excerpt":{"rendered":"<p>Personal de la Divisi&oacute;n Drogas Peligrosas, con apoyo del Grupo Especial de la Jefatura Departamental Islas, realiz&oacute; un allanamiento en una casa ubicada en la intersecci&oacute;n de las calles Hip&oacute;lito Rivero y Cortada, en el marco de una causa por presunta venta de estupefacientes. Seg&uacute;n se inform&oacute; a IMPACTO DE NOTICIAS, luego de varias semanas [&hellip;]<\/p>\n","protected":false},"author":2,"featured_media":14596,"comment_status":"open","ping_status":"open","sticky":false,"template":"","format":"standard","meta":{"footnotes":""},"categories":[8,4],"tags":[3604,175,412,1466,137,118],"class_list":["post-14594","post","type-post","status-publish","format-standard","has-post-thumbnail","hentry","category-policiales","category-provinciales","tag-comercializacion","tag-detenido","tag-drogas","tag-islas-de-ibicuy","tag-joven","tag-policiales"],"_links":{"self":[{"href":"https:\/\/impactodenoticias.com.ar\/index.php?rest_route=\/wp\/v2\/posts\/14594","targetHints":{"allow":["GET"]}}],"collection":[{"href":"https:\/\/impactodenoticias.com.ar\/index.php?rest_route=\/wp\/v2\/posts"}],"about":[{"href":"https:\/\/impactodenoticias.com.ar\/index.php?rest_route=\/wp\/v2\/types\/post"}],"author":[{"embeddable":true,"href":"https:\/\/impactodenoticias.com.ar\/index.php?rest_route=\/wp\/v2\/users\/2"}],"replies":[{"embeddable":true,"href":"https:\/\/impactodenoticias.com.ar\/index.php?rest_route=%2Fwp%2Fv2%2Fcomments&post=14594"}],"version-history":[{"count":1,"href":"https:\/\/impactodenoticias.com.ar\/index.php?rest_route=\/wp\/v2\/posts\/14594\/revisions"}],"predecessor-version":[{"id":14597,"href":"https:\/\/impactodenoticias.com.ar\/index.php?rest_route=\/wp\/v2\/posts\/14594\/revisions\/14597"}],"wp:featuredmedia":[{"embeddable":true,"href":"https:\/\/impactodenoticias.com.ar\/index.php?rest_route=\/wp\/v2\/media\/14596"}],"wp:attachment":[{"href":"https:\/\/impactodenoticias.com.ar\/index.php?rest_route=%2Fwp%2Fv2%2Fmedia&parent=14594"}],"wp:term":[{"taxonomy":"category","embeddable":true,"href":"https:\/\/impactodenoticias.com.ar\/index.php?rest_route=%2Fwp%2Fv2%2Fcategories&post=14594"},{"taxonomy":"post_tag","embeddable":true,"href":"https:\/\/impactodenoticias.com.ar\/index.php?rest_route=%2Fwp%2Fv2%2Ftags&post=14594"}],"curies":[{"name":"wp","href":"https:\/\/api.w.org\/{rel}","templated":true}]}}