{"id":14598,"date":"2025-08-02T09:04:23","date_gmt":"2025-08-02T12:04:23","guid":{"rendered":"https:\/\/impactodenoticias.com.ar\/?p=14598"},"modified":"2025-08-02T09:04:23","modified_gmt":"2025-08-02T12:04:23","slug":"concordia-un-vehiculo-se-incendio-mientras-circulada-por-calle-laprida-y-las-llamas-afectaron-una-vivienda","status":"publish","type":"post","link":"https:\/\/impactodenoticias.com.ar\/?p=14598","title":{"rendered":"Concordia: un veh\u00edculo se incendi\u00f3 mientras circulada por calle Laprida y las llamas afectaron una vivienda"},"content":{"rendered":"\n<h2 class=\"wp-block-heading\">El veh\u00edculo siniestrado era un Renault 19, conducido por una mujer que, de acuerdo a su relat\u00f3 a la polic\u00eda y a los bomberos, cuando iba manejando por calle Laprida, habr\u00eda notado que desde el sistema de aire acondicionado comenz\u00f3 a salir mucho humo.<\/h2>\n\n\n\n<p>Con el paso de los segundos se increment\u00f3 la cantidad de humo, por lo que fren\u00f3 r\u00e1pidamente el autom\u00f3vil sobre la vereda oeste de calle Laprida, entre V\u00e9lez Sarsfield y Urdinarrain. Pero en cuesti\u00f3n de minutos, el fuego se propag\u00f3 r\u00e1pidamente por todo el interior del autom\u00f3vil, causando da\u00f1os totales en el rodado.<\/p>\n\n\n\n<p>La conductora -visiblemente alterada por lo sucedido- relat\u00f3 que entre las pertenencias perdidas por el fuego estaban su tel\u00e9fono celular y la documentaci\u00f3n del veh\u00edculo, ambos elementos que se encontraban calcinados dentro del rodado al momento del incendio.<\/p>\n\n\n\n<p>Hasta el lugar del siniestro acudi\u00f3 una dotaci\u00f3n del cuerpo de Bomberos Zapadores de la Polic\u00eda de Entre R\u00edos, quienes tras arduas tareas pudieron sofocar las llamas, no obstante, los da\u00f1os en el rodado ya hab\u00edan sido pr\u00e1cticamente totales.<\/p>\n\n\n\n<p><\/p>\n\n\n\n<figure class=\"wp-block-image size-full\"><img loading=\"lazy\" decoding=\"async\" width=\"672\" height=\"373\" src=\"https:\/\/impactodenoticias.com.ar\/wp-content\/uploads\/2025\/08\/Concordia-Auto-Incendio.png\" alt=\"\" class=\"wp-image-14599\" srcset=\"https:\/\/impactodenoticias.com.ar\/wp-content\/uploads\/2025\/08\/Concordia-Auto-Incendio.png 672w, https:\/\/impactodenoticias.com.ar\/wp-content\/uploads\/2025\/08\/Concordia-Auto-Incendio-300x167.png 300w\" sizes=\"auto, (max-width: 672px) 100vw, 672px\" \/><\/figure>\n\n\n\n<p><\/p>\n\n\n\n<p>Adem\u00e1s el fuego y el calor generado por el incendio afect\u00f3 adem\u00e1s el frente de una vivienda del lugar de la mencionada calle Laprida. Afectando fundamentalmente dos persianas de pl\u00e1stico de las ventanas que dan al frente, as\u00ed como el vidrio de una puerta de ingreso, seg\u00fan se\u00f1al\u00f3 el propietario de la casa afectada.<\/p>\n\n\n\n<p>Las pericias quedaron a cargo del cuerpo de Bomberos Zapadores, que determinar\u00e1n el origen del fuego que provoc\u00f3 la destrucci\u00f3n total del autom\u00f3vil y da\u00f1os en la propiedad vecina. Afortunadamente, no hubo que lamentar personas heridas, solo da\u00f1os materiales.<\/p>\n","protected":false},"excerpt":{"rendered":"<p>El veh&iacute;culo siniestrado era un Renault 19, conducido por una mujer que, de acuerdo a su relat&oacute; a la polic&iacute;a y a los bomberos, cuando iba manejando por calle Laprida, habr&iacute;a notado que desde el sistema de aire acondicionado comenz&oacute; a salir mucho humo. Con el paso de los segundos se increment&oacute; la cantidad de [&hellip;]<\/p>\n","protected":false},"author":2,"featured_media":14600,"comment_status":"open","ping_status":"open","sticky":false,"template":"","format":"standard","meta":{"footnotes":""},"categories":[8,4],"tags":[72,5592,227,118,338,5591,366],"class_list":["post-14598","post","type-post","status-publish","format-standard","has-post-thumbnail","hentry","category-policiales","category-provinciales","tag-concordia","tag-efectada","tag-incendio","tag-policiales","tag-vehiculo","tag-via-publica","tag-vivienda"],"_links":{"self":[{"href":"https:\/\/impactodenoticias.com.ar\/index.php?rest_route=\/wp\/v2\/posts\/14598","targetHints":{"allow":["GET"]}}],"collection":[{"href":"https:\/\/impactodenoticias.com.ar\/index.php?rest_route=\/wp\/v2\/posts"}],"about":[{"href":"https:\/\/impactodenoticias.com.ar\/index.php?rest_route=\/wp\/v2\/types\/post"}],"author":[{"embeddable":true,"href":"https:\/\/impactodenoticias.com.ar\/index.php?rest_route=\/wp\/v2\/users\/2"}],"replies":[{"embeddable":true,"href":"https:\/\/impactodenoticias.com.ar\/index.php?rest_route=%2Fwp%2Fv2%2Fcomments&post=14598"}],"version-history":[{"count":1,"href":"https:\/\/impactodenoticias.com.ar\/index.php?rest_route=\/wp\/v2\/posts\/14598\/revisions"}],"predecessor-version":[{"id":14601,"href":"https:\/\/impactodenoticias.com.ar\/index.php?rest_route=\/wp\/v2\/posts\/14598\/revisions\/14601"}],"wp:featuredmedia":[{"embeddable":true,"href":"https:\/\/impactodenoticias.com.ar\/index.php?rest_route=\/wp\/v2\/media\/14600"}],"wp:attachment":[{"href":"https:\/\/impactodenoticias.com.ar\/index.php?rest_route=%2Fwp%2Fv2%2Fmedia&parent=14598"}],"wp:term":[{"taxonomy":"category","embeddable":true,"href":"https:\/\/impactodenoticias.com.ar\/index.php?rest_route=%2Fwp%2Fv2%2Fcategories&post=14598"},{"taxonomy":"post_tag","embeddable":true,"href":"https:\/\/impactodenoticias.com.ar\/index.php?rest_route=%2Fwp%2Fv2%2Ftags&post=14598"}],"curies":[{"name":"wp","href":"https:\/\/api.w.org\/{rel}","templated":true}]}}