{"id":14602,"date":"2025-08-02T09:11:18","date_gmt":"2025-08-02T12:11:18","guid":{"rendered":"https:\/\/impactodenoticias.com.ar\/?p=14602"},"modified":"2025-08-02T09:11:18","modified_gmt":"2025-08-02T12:11:18","slug":"ruta-130-encontraron-un-hombre-sin-vida-a-la-vera-de-la-ruta-y-se-stima-que-lo-embistieron-y-lo-dejaron-tirado","status":"publish","type":"post","link":"https:\/\/impactodenoticias.com.ar\/?p=14602","title":{"rendered":"Ruta 130: encontraron un hombre sin vida a la vera de la ruta y se stima que lo embistieron y lo dejaron tirado"},"content":{"rendered":"\n<h2 class=\"wp-block-heading\">La Polic\u00eda de Entre R\u00edos trabaja intensamente en la identificaci\u00f3n de un hombre que fue encontrado sin vida la vera de la ruta 130 en el Departamento Villaguay. Se cree que fue v\u00edctima de un conductor desaprensivo que lo choc\u00f3 y huy\u00f3 del lugar.<\/h2>\n\n\n\n<p>Seg\u00fan informaci\u00f3n recibida por <strong>IMPACTO DE NOTICIAS<\/strong>, el accidente vial se registr\u00f3 a la altura del kil\u00f3metro 81 de la Ruta Provincial 130.<\/p>\n\n\n\n<p>El hallazgo se produjo poco antes de las 20, cuando personal policial lleg\u00f3 al lugar luego de recibir un llamado de emergencia. Una vez en el lugar observaron el cuerpo desmembrado de una persona, tendido entre ambos carriles, sin ning\u00fan veh\u00edculo a la vista ni testigos que pudieran precisar lo ocurrido.<\/p>\n\n\n\n<p>El fiscal Mauro Quirolo tom\u00f3 intervenci\u00f3n inmediata y orden\u00f3 una serie de pericias en el lugar, con la participaci\u00f3n de la Divisi\u00f3n Criminal\u00edstica y otras unidades especializadas. Se esperan novedades en el caso.<\/p>\n","protected":false},"excerpt":{"rendered":"<p>La Polic&iacute;a de Entre R&iacute;os trabaja intensamente en la identificaci&oacute;n de un hombre que fue encontrado sin vida la vera de la ruta 130 en el Departamento Villaguay. Se cree que fue v&iacute;ctima de un conductor desaprensivo que lo choc&oacute; y huy&oacute; del lugar. Seg&uacute;n informaci&oacute;n recibida por IMPACTO DE NOTICIAS, el accidente vial se [&hellip;]<\/p>\n","protected":false},"author":2,"featured_media":14603,"comment_status":"open","ping_status":"open","sticky":false,"template":"","format":"standard","meta":{"footnotes":""},"categories":[8,4],"tags":[630,146,118,5531,55],"class_list":["post-14602","post","type-post","status-publish","format-standard","has-post-thumbnail","hentry","category-policiales","category-provinciales","tag-fallecido","tag-hombre","tag-policiales","tag-ruta-130","tag-villaguay"],"_links":{"self":[{"href":"https:\/\/impactodenoticias.com.ar\/index.php?rest_route=\/wp\/v2\/posts\/14602","targetHints":{"allow":["GET"]}}],"collection":[{"href":"https:\/\/impactodenoticias.com.ar\/index.php?rest_route=\/wp\/v2\/posts"}],"about":[{"href":"https:\/\/impactodenoticias.com.ar\/index.php?rest_route=\/wp\/v2\/types\/post"}],"author":[{"embeddable":true,"href":"https:\/\/impactodenoticias.com.ar\/index.php?rest_route=\/wp\/v2\/users\/2"}],"replies":[{"embeddable":true,"href":"https:\/\/impactodenoticias.com.ar\/index.php?rest_route=%2Fwp%2Fv2%2Fcomments&post=14602"}],"version-history":[{"count":1,"href":"https:\/\/impactodenoticias.com.ar\/index.php?rest_route=\/wp\/v2\/posts\/14602\/revisions"}],"predecessor-version":[{"id":14604,"href":"https:\/\/impactodenoticias.com.ar\/index.php?rest_route=\/wp\/v2\/posts\/14602\/revisions\/14604"}],"wp:featuredmedia":[{"embeddable":true,"href":"https:\/\/impactodenoticias.com.ar\/index.php?rest_route=\/wp\/v2\/media\/14603"}],"wp:attachment":[{"href":"https:\/\/impactodenoticias.com.ar\/index.php?rest_route=%2Fwp%2Fv2%2Fmedia&parent=14602"}],"wp:term":[{"taxonomy":"category","embeddable":true,"href":"https:\/\/impactodenoticias.com.ar\/index.php?rest_route=%2Fwp%2Fv2%2Fcategories&post=14602"},{"taxonomy":"post_tag","embeddable":true,"href":"https:\/\/impactodenoticias.com.ar\/index.php?rest_route=%2Fwp%2Fv2%2Ftags&post=14602"}],"curies":[{"name":"wp","href":"https:\/\/api.w.org\/{rel}","templated":true}]}}