{"id":14607,"date":"2025-08-03T09:40:05","date_gmt":"2025-08-03T12:40:05","guid":{"rendered":"https:\/\/impactodenoticias.com.ar\/?p=14607"},"modified":"2025-08-03T09:40:05","modified_gmt":"2025-08-03T12:40:05","slug":"concepcion-del-uruguay-fue-arrestado-a-un-joven-con-pedido-de-captura-por-robo-de-motos-y-otros-delitos","status":"publish","type":"post","link":"https:\/\/impactodenoticias.com.ar\/?p=14607","title":{"rendered":"Concepci\u00f3n del Uruguay: fue arrestado a un joven con pedido de captura por robo de motos y otros delitos"},"content":{"rendered":"\n<h2 class=\"wp-block-heading\">La Polic\u00eda de Entre R\u00edos detuvo este s\u00e1bado a un joven de 19 a\u00f1os, sobre quien reca\u00eda un pedido de captura vigente por su presunta vinculaci\u00f3n con el robo de motoveh\u00edculos y otros delitos cometidos en Concepci\u00f3n del Uruguay.<\/h2>\n\n\n\n<p>El operativo se realiz\u00f3 cerca de las 14:05, cuando personal del Comando Radioel\u00e9ctrico, que patrullaba la zona c\u00e9ntrica, localiz\u00f3 al sospechoso en la intersecci\u00f3n de 25 de Mayo y Peatonal.<\/p>\n\n\n\n<p>Al identificarlo como F. R. C. y verificar sus datos, se constat\u00f3 que exist\u00eda un oficio judicial de detenci\u00f3n emitido por la Sala Penal N\u00b0 1 de Concepci\u00f3n del Uruguay.<\/p>\n\n\n\n<p>El joven fue trasladado a la Jefatura Departamental, donde se le notificaron sus derechos. Tras ser examinado por el m\u00e9dico policial, se dispuso su alojamiento en la Unidad Penal N\u00b0 4, quedando a disposici\u00f3n de la magistratura interviniente.<\/p>\n","protected":false},"excerpt":{"rendered":"<p>La Polic&iacute;a de Entre R&iacute;os detuvo este s&aacute;bado a un joven de 19 a&ntilde;os, sobre quien reca&iacute;a un pedido de captura vigente por su presunta vinculaci&oacute;n con el robo de motoveh&iacute;culos y otros delitos cometidos en Concepci&oacute;n del Uruguay. El operativo se realiz&oacute; cerca de las 14:05, cuando personal del Comando Radioel&eacute;ctrico, que patrullaba la [&hellip;]<\/p>\n","protected":false},"author":2,"featured_media":14608,"comment_status":"open","ping_status":"open","sticky":false,"template":"","format":"standard","meta":{"footnotes":""},"categories":[8,4],"tags":[324,175,137,118,147],"class_list":["post-14607","post","type-post","status-publish","format-standard","has-post-thumbnail","hentry","category-policiales","category-provinciales","tag-concepcion-del-uruguay","tag-detenido","tag-joven","tag-policiales","tag-robo"],"_links":{"self":[{"href":"https:\/\/impactodenoticias.com.ar\/index.php?rest_route=\/wp\/v2\/posts\/14607","targetHints":{"allow":["GET"]}}],"collection":[{"href":"https:\/\/impactodenoticias.com.ar\/index.php?rest_route=\/wp\/v2\/posts"}],"about":[{"href":"https:\/\/impactodenoticias.com.ar\/index.php?rest_route=\/wp\/v2\/types\/post"}],"author":[{"embeddable":true,"href":"https:\/\/impactodenoticias.com.ar\/index.php?rest_route=\/wp\/v2\/users\/2"}],"replies":[{"embeddable":true,"href":"https:\/\/impactodenoticias.com.ar\/index.php?rest_route=%2Fwp%2Fv2%2Fcomments&post=14607"}],"version-history":[{"count":1,"href":"https:\/\/impactodenoticias.com.ar\/index.php?rest_route=\/wp\/v2\/posts\/14607\/revisions"}],"predecessor-version":[{"id":14609,"href":"https:\/\/impactodenoticias.com.ar\/index.php?rest_route=\/wp\/v2\/posts\/14607\/revisions\/14609"}],"wp:featuredmedia":[{"embeddable":true,"href":"https:\/\/impactodenoticias.com.ar\/index.php?rest_route=\/wp\/v2\/media\/14608"}],"wp:attachment":[{"href":"https:\/\/impactodenoticias.com.ar\/index.php?rest_route=%2Fwp%2Fv2%2Fmedia&parent=14607"}],"wp:term":[{"taxonomy":"category","embeddable":true,"href":"https:\/\/impactodenoticias.com.ar\/index.php?rest_route=%2Fwp%2Fv2%2Fcategories&post=14607"},{"taxonomy":"post_tag","embeddable":true,"href":"https:\/\/impactodenoticias.com.ar\/index.php?rest_route=%2Fwp%2Fv2%2Ftags&post=14607"}],"curies":[{"name":"wp","href":"https:\/\/api.w.org\/{rel}","templated":true}]}}