{"id":14623,"date":"2025-08-04T09:27:30","date_gmt":"2025-08-04T12:27:30","guid":{"rendered":"https:\/\/impactodenoticias.com.ar\/?p=14623"},"modified":"2025-08-04T09:27:31","modified_gmt":"2025-08-04T12:27:31","slug":"san-benito-fue-arrestado-un-joven-que-amenazo-de-muerte-a-su-madre-y-hermano","status":"publish","type":"post","link":"https:\/\/impactodenoticias.com.ar\/?p=14623","title":{"rendered":"San Benito: fue arrestado un joven que amenaz\u00f3 de muerte a su madre y hermano"},"content":{"rendered":"\n<h2 class=\"wp-block-heading\">El personal de Comisar\u00eda San Benito se hizo presente en una vivienda ubicada en calle Agote, donde un joven habr\u00eda amenazado a su madre y a su hermano con un arma de fuego.<\/h2>\n\n\n\n<p>El violento episodio ocurri\u00f3 este domingo de noche. Los agentes policiales conversaron con la madre que les indic\u00f3 que su hijo, de 26 a\u00f1os, ten\u00eda un arma y la hab\u00eda escondido en la habitaci\u00f3n.<\/p>\n\n\n\n<p>Una vez efectuada la denuncia, los agentes llevaron adelante la b\u00fasqueda y finalmente hallaron un rev\u00f3lver, calibre .45 y dos cartuchos .45 en un tupper.<\/p>\n\n\n\n<p>Informado al fiscal de turno, se orden\u00f3 el secuestro del arma, la detenci\u00f3n del joven y que sea trasladado a la Alcaid\u00eda de Tribunales por amenazas calificadas por el uso de arma de fuego.<\/p>\n","protected":false},"excerpt":{"rendered":"<p>El personal de Comisar&iacute;a San Benito se hizo presente en una vivienda ubicada en calle Agote, donde un joven habr&iacute;a amenazado a su madre y a su hermano con un arma de fuego. El violento episodio ocurri&oacute; este domingo de noche. Los agentes policiales conversaron con la madre que les indic&oacute; que su hijo, de [&hellip;]<\/p>\n","protected":false},"author":2,"featured_media":14624,"comment_status":"open","ping_status":"open","sticky":false,"template":"","format":"standard","meta":{"footnotes":""},"categories":[3,8],"tags":[1080,1108,175,3582,137,434,118,386],"class_list":["post-14623","post","type-post","status-publish","format-standard","has-post-thumbnail","hentry","category-locales","category-policiales","tag-amenaza","tag-arma","tag-detenido","tag-hermano","tag-joven","tag-madre","tag-policiales","tag-san-benito"],"_links":{"self":[{"href":"https:\/\/impactodenoticias.com.ar\/index.php?rest_route=\/wp\/v2\/posts\/14623","targetHints":{"allow":["GET"]}}],"collection":[{"href":"https:\/\/impactodenoticias.com.ar\/index.php?rest_route=\/wp\/v2\/posts"}],"about":[{"href":"https:\/\/impactodenoticias.com.ar\/index.php?rest_route=\/wp\/v2\/types\/post"}],"author":[{"embeddable":true,"href":"https:\/\/impactodenoticias.com.ar\/index.php?rest_route=\/wp\/v2\/users\/2"}],"replies":[{"embeddable":true,"href":"https:\/\/impactodenoticias.com.ar\/index.php?rest_route=%2Fwp%2Fv2%2Fcomments&post=14623"}],"version-history":[{"count":1,"href":"https:\/\/impactodenoticias.com.ar\/index.php?rest_route=\/wp\/v2\/posts\/14623\/revisions"}],"predecessor-version":[{"id":14625,"href":"https:\/\/impactodenoticias.com.ar\/index.php?rest_route=\/wp\/v2\/posts\/14623\/revisions\/14625"}],"wp:featuredmedia":[{"embeddable":true,"href":"https:\/\/impactodenoticias.com.ar\/index.php?rest_route=\/wp\/v2\/media\/14624"}],"wp:attachment":[{"href":"https:\/\/impactodenoticias.com.ar\/index.php?rest_route=%2Fwp%2Fv2%2Fmedia&parent=14623"}],"wp:term":[{"taxonomy":"category","embeddable":true,"href":"https:\/\/impactodenoticias.com.ar\/index.php?rest_route=%2Fwp%2Fv2%2Fcategories&post=14623"},{"taxonomy":"post_tag","embeddable":true,"href":"https:\/\/impactodenoticias.com.ar\/index.php?rest_route=%2Fwp%2Fv2%2Ftags&post=14623"}],"curies":[{"name":"wp","href":"https:\/\/api.w.org\/{rel}","templated":true}]}}