{"id":14626,"date":"2025-08-04T09:32:57","date_gmt":"2025-08-04T12:32:57","guid":{"rendered":"https:\/\/impactodenoticias.com.ar\/?p=14626"},"modified":"2025-08-04T09:32:58","modified_gmt":"2025-08-04T12:32:58","slug":"un-joven-ataco-con-un-machete-a-otro-y-le-provoco-lesiones-en-la-cara-ocurrio-en-santa-elena","status":"publish","type":"post","link":"https:\/\/impactodenoticias.com.ar\/?p=14626","title":{"rendered":"Un joven atac\u00f3 con un machete a otro y le provoc\u00f3 lesiones en la cara. Ocurri\u00f3 en Santa Elena"},"content":{"rendered":"\n<h2 class=\"wp-block-heading\">Este domingo por la noche, se registr\u00f3 una grave pelea entre j\u00f3venes, provocando que uno de ellos fuera lesionado en la cara y una mano, tras el ataque con un machete por otro de los j\u00f3venes. El agresor del arma blanca fue detenido por la Polic\u00eda.<\/h2>\n\n\n\n<p>El joven de 21 a\u00f1os acusado habr\u00eda lesionado en una pelea con un machete a otro, de 22 a\u00f1os, en el rostro y la mano derecha. El hecho sucedi\u00f3 en el domicilio del presunto agresor.<\/p>\n\n\n\n<p>El joven herido fue atendido en la sala de la guardia del hospital local. Mientras tanto, la situaci\u00f3n fue informada a la Fiscal\u00eda, que orden\u00f3 la detenci\u00f3n del supuesto agresor y el traslado a la Jefatura Departamental de La Paz, donde qued\u00f3 a disposici\u00f3n de la Justicia.<\/p>\n","protected":false},"excerpt":{"rendered":"<p>Este domingo por la noche, se registr&oacute; una grave pelea entre j&oacute;venes, provocando que uno de ellos fuera lesionado en la cara y una mano, tras el ataque con un machete por otro de los j&oacute;venes. El agresor del arma blanca fue detenido por la Polic&iacute;a. El joven de 21 a&ntilde;os acusado habr&iacute;a lesionado en [&hellip;]<\/p>\n","protected":false},"author":2,"featured_media":14627,"comment_status":"open","ping_status":"open","sticky":false,"template":"","format":"standard","meta":{"footnotes":""},"categories":[8,4],"tags":[183,175,137,3819,118,439],"class_list":["post-14626","post","type-post","status-publish","format-standard","has-post-thumbnail","hentry","category-policiales","category-provinciales","tag-ataque","tag-detenido","tag-joven","tag-machete","tag-policiales","tag-santa-elena"],"_links":{"self":[{"href":"https:\/\/impactodenoticias.com.ar\/index.php?rest_route=\/wp\/v2\/posts\/14626","targetHints":{"allow":["GET"]}}],"collection":[{"href":"https:\/\/impactodenoticias.com.ar\/index.php?rest_route=\/wp\/v2\/posts"}],"about":[{"href":"https:\/\/impactodenoticias.com.ar\/index.php?rest_route=\/wp\/v2\/types\/post"}],"author":[{"embeddable":true,"href":"https:\/\/impactodenoticias.com.ar\/index.php?rest_route=\/wp\/v2\/users\/2"}],"replies":[{"embeddable":true,"href":"https:\/\/impactodenoticias.com.ar\/index.php?rest_route=%2Fwp%2Fv2%2Fcomments&post=14626"}],"version-history":[{"count":1,"href":"https:\/\/impactodenoticias.com.ar\/index.php?rest_route=\/wp\/v2\/posts\/14626\/revisions"}],"predecessor-version":[{"id":14628,"href":"https:\/\/impactodenoticias.com.ar\/index.php?rest_route=\/wp\/v2\/posts\/14626\/revisions\/14628"}],"wp:featuredmedia":[{"embeddable":true,"href":"https:\/\/impactodenoticias.com.ar\/index.php?rest_route=\/wp\/v2\/media\/14627"}],"wp:attachment":[{"href":"https:\/\/impactodenoticias.com.ar\/index.php?rest_route=%2Fwp%2Fv2%2Fmedia&parent=14626"}],"wp:term":[{"taxonomy":"category","embeddable":true,"href":"https:\/\/impactodenoticias.com.ar\/index.php?rest_route=%2Fwp%2Fv2%2Fcategories&post=14626"},{"taxonomy":"post_tag","embeddable":true,"href":"https:\/\/impactodenoticias.com.ar\/index.php?rest_route=%2Fwp%2Fv2%2Ftags&post=14626"}],"curies":[{"name":"wp","href":"https:\/\/api.w.org\/{rel}","templated":true}]}}