{"id":14632,"date":"2025-08-04T09:43:21","date_gmt":"2025-08-04T12:43:21","guid":{"rendered":"https:\/\/impactodenoticias.com.ar\/?p=14632"},"modified":"2025-08-04T09:43:22","modified_gmt":"2025-08-04T12:43:22","slug":"la-paz-atacaron-a-balazos-a-un-joven-en-el-barrio-la-milagrosa-y-se-encuentra-grave-en-el-hospital-san-martin","status":"publish","type":"post","link":"https:\/\/impactodenoticias.com.ar\/?p=14632","title":{"rendered":"La Paz: atacaron a balazos a un joven en el barrio La Milagrosa y se encuentra grave en el hospital San Mart\u00edn"},"content":{"rendered":"\n<h2 class=\"wp-block-heading\">Una persona fue atacado y recibid\u00f3 un disparo de arma de fuego en el barrio La Milagrosa Norte de la Paz, fue derivado al hospital San Mart\u00edn donde fue intervenido quir\u00fargicamente y su estado es reservado.<\/h2>\n\n\n\n<p>El personal de la fuerza se hizo presente en el lugar del ataque, despu\u00e9s de un llamado telef\u00f3nico, al arribar al barrio se encuentra con un joven de 19 a\u00f1os en el suelo que presentaba \u201corificios\u201d compatibles con disparo de arma de fuego en su abdomen.<\/p>\n\n\n\n<p>El joven fue trasladado r\u00e1pidamente en ambulancia al hospital zonal, d\u00f3nde fue intervenido quir\u00fargicamente, posteriormente fue trasladado al Hospital San Martin de Paran\u00e1 donde se encuentra internado en la Unidad de Terapia Intensiva.<\/p>\n\n\n\n<p>En el lugar hallaron adem\u00e1s un arma tumbera calibre 22 con dos vainas servidas. La fiscal\u00eda en turno orden\u00f3 el secuestro del arma y le tom\u00f3 declaraci\u00f3n a la novia del joven que se encontraba junto a \u00e9l al momento del ataque.<\/p>\n","protected":false},"excerpt":{"rendered":"<p>Una persona fue atacado y recibid&oacute; un disparo de arma de fuego en el barrio La Milagrosa Norte de la Paz, fue derivado al hospital San Mart&iacute;n donde fue intervenido quir&uacute;rgicamente y su estado es reservado. El personal de la fuerza se hizo presente en el lugar del ataque, despu&eacute;s de un llamado telef&oacute;nico, al [&hellip;]<\/p>\n","protected":false},"author":2,"featured_media":14633,"comment_status":"open","ping_status":"open","sticky":false,"template":"","format":"standard","meta":{"footnotes":""},"categories":[8,4],"tags":[1108,183,459,389,695,118],"class_list":["post-14632","post","type-post","status-publish","format-standard","has-post-thumbnail","hentry","category-policiales","category-provinciales","tag-arma","tag-ataque","tag-fuego","tag-herido","tag-la-paz","tag-policiales"],"_links":{"self":[{"href":"https:\/\/impactodenoticias.com.ar\/index.php?rest_route=\/wp\/v2\/posts\/14632","targetHints":{"allow":["GET"]}}],"collection":[{"href":"https:\/\/impactodenoticias.com.ar\/index.php?rest_route=\/wp\/v2\/posts"}],"about":[{"href":"https:\/\/impactodenoticias.com.ar\/index.php?rest_route=\/wp\/v2\/types\/post"}],"author":[{"embeddable":true,"href":"https:\/\/impactodenoticias.com.ar\/index.php?rest_route=\/wp\/v2\/users\/2"}],"replies":[{"embeddable":true,"href":"https:\/\/impactodenoticias.com.ar\/index.php?rest_route=%2Fwp%2Fv2%2Fcomments&post=14632"}],"version-history":[{"count":1,"href":"https:\/\/impactodenoticias.com.ar\/index.php?rest_route=\/wp\/v2\/posts\/14632\/revisions"}],"predecessor-version":[{"id":14634,"href":"https:\/\/impactodenoticias.com.ar\/index.php?rest_route=\/wp\/v2\/posts\/14632\/revisions\/14634"}],"wp:featuredmedia":[{"embeddable":true,"href":"https:\/\/impactodenoticias.com.ar\/index.php?rest_route=\/wp\/v2\/media\/14633"}],"wp:attachment":[{"href":"https:\/\/impactodenoticias.com.ar\/index.php?rest_route=%2Fwp%2Fv2%2Fmedia&parent=14632"}],"wp:term":[{"taxonomy":"category","embeddable":true,"href":"https:\/\/impactodenoticias.com.ar\/index.php?rest_route=%2Fwp%2Fv2%2Fcategories&post=14632"},{"taxonomy":"post_tag","embeddable":true,"href":"https:\/\/impactodenoticias.com.ar\/index.php?rest_route=%2Fwp%2Fv2%2Ftags&post=14632"}],"curies":[{"name":"wp","href":"https:\/\/api.w.org\/{rel}","templated":true}]}}