{"id":14635,"date":"2025-08-04T09:50:43","date_gmt":"2025-08-04T12:50:43","guid":{"rendered":"https:\/\/impactodenoticias.com.ar\/?p=14635"},"modified":"2025-08-05T11:24:56","modified_gmt":"2025-08-05T14:24:56","slug":"elecciones-en-agmer-quienes-integran-las-listas-que-competiran-por-la-conduccion-del-gremio","status":"publish","type":"post","link":"https:\/\/impactodenoticias.com.ar\/?p=14635","title":{"rendered":"Elecciones en Agmer: qui\u00e9nes integran las listas que competir\u00e1n por la conducci\u00f3n del gremio"},"content":{"rendered":"\n<h2 class=\"wp-block-heading\">Alrededor de 20.000 docentes de Entre R\u00edos podr\u00e1n elegir a sus representantes en la Asociaci\u00f3n Gremial del Magisterio de Entre R\u00edos, desde la Comisi\u00f3n Directiva Central hasta las seccionales departamentales y filiales, incluidos adem\u00e1s los vocales ante el Consejo General de Educaci\u00f3n.<\/h2>\n\n\n\n<p>Las elecciones son el 25 de septiembre y est\u00e1n empadronados 20.255 docentes afiliados. Fueron oficializadas dos listas, la oficialista Marcha Blanca y la opositora Multicolor. El candidato oficialista a secretario General es Abel Antivero, del departamento Islas. Es profesor de Historia, rector de escuela secundaria en paraje Mazaruca. La candidata multicolor es Gimena Garc\u00eda, profesora de Lengua y Literatura en la Escuela Normal y en la T\u00e9cnica N\u00b0 1 de Concepci\u00f3n del Uruguay.<\/p>\n\n\n\n<p><strong>La lista completa de Marcha Blanca para la Comisi\u00f3n Directiva Central:<\/strong><\/p>\n\n\n\n<p>Secretar\u00eda General: Abel Antivero<\/p>\n\n\n\n<p>Adjunta: Soledad Fimpel<\/p>\n\n\n\n<p>Gremial: Susana Cogno<\/p>\n\n\n\n<p>Administrativa y Actas: Delia Gonzalez<\/p>\n\n\n\n<p>Finanzas: Carina Vergara<\/p>\n\n\n\n<p>Prensa: Adriana Vilchez<\/p>\n\n\n\n<p>Acci\u00f3n Social: Natalia Zucol<\/p>\n\n\n\n<p>Organizaci\u00f3n: Adriana Rubio<\/p>\n\n\n\n<p>DDHH y Cultura: Sergio Blanc<\/p>\n\n\n\n<p>Educaci\u00f3n: Lorena Molina<\/p>\n\n\n\n<p>Jubilados: Claudio Puntel<\/p>\n\n\n\n<p>Mujer e Igualdad de G\u00e9neros: Ver\u00f3nica Veik<\/p>\n\n\n\n<p>Bienes Naturales: Guillermo Zampedri<\/p>\n\n\n\n<p>Condiciones Laborales: Leandro Pozzi<\/p>\n\n\n\n<p>Formaci\u00f3n: Cesar Pibernus<\/p>\n\n\n\n<p>Vocal Titular al CGE: Gustavo Blanc<\/p>\n\n\n\n<p><strong>La lista completa de la lista Multicolor para la Comisi\u00f3n Directiva Central:<\/strong><\/p>\n\n\n\n<p>General: Gimena Garcia<\/p>\n\n\n\n<p>Adjunta: Marianela Valdez<\/p>\n\n\n\n<p>Gremial: Ivana Almada<\/p>\n\n\n\n<p>Administrativa y Actas: Julia Fochesatto<\/p>\n\n\n\n<p>Finanzas: Fernando Arregui<\/p>\n\n\n\n<p>Prensa: Silvina Reniero<\/p>\n\n\n\n<p>Acci\u00f3n Social: Liliana Coffy<\/p>\n\n\n\n<p>Organizaci\u00f3n: Pablo Amarillo<\/p>\n\n\n\n<p>DDHH y Cultura: Alejo Mayor<\/p>\n\n\n\n<p>Educaci\u00f3n: Natalia Ferreyra<\/p>\n\n\n\n<p>Jubilados: Mar\u00eda Rodriguez<\/p>\n\n\n\n<p>Mujer e Igualdad de G\u00e9neros: Etelvina Perez<\/p>\n\n\n\n<p>Bienes Naturales: Mart\u00edn Ponce<\/p>\n\n\n\n<p>Condiciones Laborales: Alejandra Rodriguez<\/p>\n\n\n\n<p>Formaci\u00f3n: Facundo Gomez<\/p>\n\n\n\n<p>Vocal Titular al CGE: Luciana Silva<\/p>\n\n\n\n<p><strong>Agrupaciones<\/strong><\/p>\n\n\n\n<p>La actual administraci\u00f3n del gremio provincial, est\u00e1 conducida por la lista Marcha Blanca, que en 2021 plasm\u00f3 un acuerdo de unidad entre las agrupaciones hist\u00f3ricamente enfrentadas, Celeste y Rojo y Negro, y fue electa con casi el 80% de los votos. En esos comicios se present\u00f3 adem\u00e1s la lista Multicolor, empujada por agupaciones como Alternativa Docente (del MST-Nueva Izquierda), que perdi\u00f3 con el 20%.<\/p>\n\n\n\n<p>En la interna del sindicato se aguarda que se repita el panorama de 2021. La c\u00fapula actual de mando de AGMER no podr\u00e1 ser reelegida porque se jubilaron el secretario General, Marcelo Pagani, y la Adjunta, Ana Delaloye.<\/p>\n","protected":false},"excerpt":{"rendered":"<p>Alrededor de 20.000 docentes de Entre R&iacute;os podr&aacute;n elegir a sus representantes en la Asociaci&oacute;n Gremial del Magisterio de Entre R&iacute;os, desde la Comisi&oacute;n Directiva Central hasta las seccionales departamentales y filiales, incluidos adem&aacute;s los vocales ante el Consejo General de Educaci&oacute;n. Las elecciones son el 25 de septiembre y est&aacute;n empadronados 20.255 docentes afiliados. [&hellip;]<\/p>\n","protected":false},"author":2,"featured_media":14636,"comment_status":"open","ping_status":"open","sticky":false,"template":"","format":"standard","meta":{"footnotes":""},"categories":[91,4],"tags":[52,3942,3943],"class_list":["post-14635","post","type-post","status-publish","format-standard","has-post-thumbnail","hentry","category-gremiales","category-provinciales","tag-agmer","tag-elecciones","tag-listas"],"_links":{"self":[{"href":"https:\/\/impactodenoticias.com.ar\/index.php?rest_route=\/wp\/v2\/posts\/14635","targetHints":{"allow":["GET"]}}],"collection":[{"href":"https:\/\/impactodenoticias.com.ar\/index.php?rest_route=\/wp\/v2\/posts"}],"about":[{"href":"https:\/\/impactodenoticias.com.ar\/index.php?rest_route=\/wp\/v2\/types\/post"}],"author":[{"embeddable":true,"href":"https:\/\/impactodenoticias.com.ar\/index.php?rest_route=\/wp\/v2\/users\/2"}],"replies":[{"embeddable":true,"href":"https:\/\/impactodenoticias.com.ar\/index.php?rest_route=%2Fwp%2Fv2%2Fcomments&post=14635"}],"version-history":[{"count":1,"href":"https:\/\/impactodenoticias.com.ar\/index.php?rest_route=\/wp\/v2\/posts\/14635\/revisions"}],"predecessor-version":[{"id":14637,"href":"https:\/\/impactodenoticias.com.ar\/index.php?rest_route=\/wp\/v2\/posts\/14635\/revisions\/14637"}],"wp:featuredmedia":[{"embeddable":true,"href":"https:\/\/impactodenoticias.com.ar\/index.php?rest_route=\/wp\/v2\/media\/14636"}],"wp:attachment":[{"href":"https:\/\/impactodenoticias.com.ar\/index.php?rest_route=%2Fwp%2Fv2%2Fmedia&parent=14635"}],"wp:term":[{"taxonomy":"category","embeddable":true,"href":"https:\/\/impactodenoticias.com.ar\/index.php?rest_route=%2Fwp%2Fv2%2Fcategories&post=14635"},{"taxonomy":"post_tag","embeddable":true,"href":"https:\/\/impactodenoticias.com.ar\/index.php?rest_route=%2Fwp%2Fv2%2Ftags&post=14635"}],"curies":[{"name":"wp","href":"https:\/\/api.w.org\/{rel}","templated":true}]}}