{"id":14651,"date":"2025-08-05T10:57:23","date_gmt":"2025-08-05T13:57:23","guid":{"rendered":"https:\/\/impactodenoticias.com.ar\/?p=14651"},"modified":"2025-08-05T10:57:23","modified_gmt":"2025-08-05T13:57:23","slug":"en-cercanias-del-parque-industrial-de-crespo-chocaron-dos-vehiculos","status":"publish","type":"post","link":"https:\/\/impactodenoticias.com.ar\/?p=14651","title":{"rendered":"En cercan\u00edas del Parque Industrial de Crespo chocaron dos veh\u00edculos"},"content":{"rendered":"\n<h2 class=\"wp-block-heading\">Un accidente vial se produjo este lunes en la Ruta 12, en la zona del Parque Industrial de Crespo. Seg\u00fan se dio a conocer, un auto choc\u00f3 con una camioneta.<\/h2>\n\n\n\n<p>De acuerdo a lo consignado por medios locales, un Volkswagen Gol estaba en una d\u00e1rsena, esperando para ingresar al predio, cuando fue impactado por una camioneta que circulaba por la mencionada ruta.<\/p>\n\n\n\n<p>Debido a la violencia del impacto, la conductora del veh\u00edculo de menor porte fue trasladada a una cl\u00ednica privada de la ciudad, donde se le diagnosticaron lesiones de car\u00e1cter leve. Los ocupantes de la camioneta resultaron ilesos.<\/p>\n","protected":false},"excerpt":{"rendered":"<p>Un accidente vial se produjo este lunes en la Ruta 12, en la zona del Parque Industrial de Crespo. Seg&uacute;n se dio a conocer, un auto choc&oacute; con una camioneta. De acuerdo a lo consignado por medios locales, un Volkswagen Gol estaba en una d&aacute;rsena, esperando para ingresar al predio, cuando fue impactado por una [&hellip;]<\/p>\n","protected":false},"author":2,"featured_media":14652,"comment_status":"open","ping_status":"open","sticky":false,"template":"","format":"standard","meta":{"footnotes":""},"categories":[8,4],"tags":[120,337,394,118,293,5603],"class_list":["post-14651","post","type-post","status-publish","format-standard","has-post-thumbnail","hentry","category-policiales","category-provinciales","tag-accidente","tag-crespo","tag-heridos","tag-policiales","tag-ruta-12","tag-vehiculos"],"_links":{"self":[{"href":"https:\/\/impactodenoticias.com.ar\/index.php?rest_route=\/wp\/v2\/posts\/14651","targetHints":{"allow":["GET"]}}],"collection":[{"href":"https:\/\/impactodenoticias.com.ar\/index.php?rest_route=\/wp\/v2\/posts"}],"about":[{"href":"https:\/\/impactodenoticias.com.ar\/index.php?rest_route=\/wp\/v2\/types\/post"}],"author":[{"embeddable":true,"href":"https:\/\/impactodenoticias.com.ar\/index.php?rest_route=\/wp\/v2\/users\/2"}],"replies":[{"embeddable":true,"href":"https:\/\/impactodenoticias.com.ar\/index.php?rest_route=%2Fwp%2Fv2%2Fcomments&post=14651"}],"version-history":[{"count":1,"href":"https:\/\/impactodenoticias.com.ar\/index.php?rest_route=\/wp\/v2\/posts\/14651\/revisions"}],"predecessor-version":[{"id":14653,"href":"https:\/\/impactodenoticias.com.ar\/index.php?rest_route=\/wp\/v2\/posts\/14651\/revisions\/14653"}],"wp:featuredmedia":[{"embeddable":true,"href":"https:\/\/impactodenoticias.com.ar\/index.php?rest_route=\/wp\/v2\/media\/14652"}],"wp:attachment":[{"href":"https:\/\/impactodenoticias.com.ar\/index.php?rest_route=%2Fwp%2Fv2%2Fmedia&parent=14651"}],"wp:term":[{"taxonomy":"category","embeddable":true,"href":"https:\/\/impactodenoticias.com.ar\/index.php?rest_route=%2Fwp%2Fv2%2Fcategories&post=14651"},{"taxonomy":"post_tag","embeddable":true,"href":"https:\/\/impactodenoticias.com.ar\/index.php?rest_route=%2Fwp%2Fv2%2Ftags&post=14651"}],"curies":[{"name":"wp","href":"https:\/\/api.w.org\/{rel}","templated":true}]}}