{"id":14678,"date":"2025-08-06T09:27:31","date_gmt":"2025-08-06T12:27:31","guid":{"rendered":"https:\/\/impactodenoticias.com.ar\/?p=14678"},"modified":"2025-08-06T09:27:32","modified_gmt":"2025-08-06T12:27:32","slug":"parana-las-autoridades-investigan-la-muerte-de-un-interno-en-la-unidad-penal-n1","status":"publish","type":"post","link":"https:\/\/impactodenoticias.com.ar\/?p=14678","title":{"rendered":"Paran\u00e1: las autoridades investigan la muerte de un interno en la Unidad Penal N\u00b01"},"content":{"rendered":"\n<h2 class=\"wp-block-heading\">Se trata de un hombre de 50 a\u00f1os que fue encontrado sin vida. La Justicia orden\u00f3 la realizaci\u00f3n de la autopsia para aclarar la situaci\u00f3n que rode\u00f3 su muerte.<\/h2>\n\n\n\n<p>La Polic\u00eda de Entre R\u00edos y la Justicia investigan la muerte de un interno en la Unidad Penal N\u00b01 de Paran\u00e1. La v\u00edctima fatal es un hombre de 50 a\u00f1os, informaron fuentes policiales a <strong>IMPACTO DE NOTICIAS<\/strong>.<\/p>\n\n\n\n<p>El cuerpo fue hallado dentro del penal. Fue identificado como Alberto Eduardo Merlo, de 50 a\u00f1os, oriundo de San Benito. Se presume que fue por autodeterminaci\u00f3n, no obstante, no se descartan otras hip\u00f3tesis.<\/p>\n\n\n\n<p>Para alarar la situaci\u00f3n que deriv\u00f3 en su fallecimiento, desde la Justicia se dispuso la realizaci\u00f3n de la correspondiente autopsia para determinar de forma fehaciente las causas del fallecimiento.<\/p>\n","protected":false},"excerpt":{"rendered":"<p>Se trata de un hombre de 50 a&ntilde;os que fue encontrado sin vida. La Justicia orden&oacute; la realizaci&oacute;n de la autopsia para aclarar la situaci&oacute;n que rode&oacute; su muerte. La Polic&iacute;a de Entre R&iacute;os y la Justicia investigan la muerte de un interno en la Unidad Penal N&deg;1 de Paran&aacute;. La v&iacute;ctima fatal es un [&hellip;]<\/p>\n","protected":false},"author":2,"featured_media":14679,"comment_status":"open","ping_status":"open","sticky":false,"template":"","format":"standard","meta":{"footnotes":""},"categories":[3,8],"tags":[4375,681,369,95,118,3122],"class_list":["post-14678","post","type-post","status-publish","format-standard","has-post-thumbnail","hentry","category-locales","category-policiales","tag-interno","tag-investigacion","tag-muerte","tag-parana","tag-policiales","tag-unidad-penal"],"_links":{"self":[{"href":"https:\/\/impactodenoticias.com.ar\/index.php?rest_route=\/wp\/v2\/posts\/14678","targetHints":{"allow":["GET"]}}],"collection":[{"href":"https:\/\/impactodenoticias.com.ar\/index.php?rest_route=\/wp\/v2\/posts"}],"about":[{"href":"https:\/\/impactodenoticias.com.ar\/index.php?rest_route=\/wp\/v2\/types\/post"}],"author":[{"embeddable":true,"href":"https:\/\/impactodenoticias.com.ar\/index.php?rest_route=\/wp\/v2\/users\/2"}],"replies":[{"embeddable":true,"href":"https:\/\/impactodenoticias.com.ar\/index.php?rest_route=%2Fwp%2Fv2%2Fcomments&post=14678"}],"version-history":[{"count":1,"href":"https:\/\/impactodenoticias.com.ar\/index.php?rest_route=\/wp\/v2\/posts\/14678\/revisions"}],"predecessor-version":[{"id":14680,"href":"https:\/\/impactodenoticias.com.ar\/index.php?rest_route=\/wp\/v2\/posts\/14678\/revisions\/14680"}],"wp:featuredmedia":[{"embeddable":true,"href":"https:\/\/impactodenoticias.com.ar\/index.php?rest_route=\/wp\/v2\/media\/14679"}],"wp:attachment":[{"href":"https:\/\/impactodenoticias.com.ar\/index.php?rest_route=%2Fwp%2Fv2%2Fmedia&parent=14678"}],"wp:term":[{"taxonomy":"category","embeddable":true,"href":"https:\/\/impactodenoticias.com.ar\/index.php?rest_route=%2Fwp%2Fv2%2Fcategories&post=14678"},{"taxonomy":"post_tag","embeddable":true,"href":"https:\/\/impactodenoticias.com.ar\/index.php?rest_route=%2Fwp%2Fv2%2Ftags&post=14678"}],"curies":[{"name":"wp","href":"https:\/\/api.w.org\/{rel}","templated":true}]}}