{"id":1472,"date":"2024-07-24T09:52:03","date_gmt":"2024-07-24T12:52:03","guid":{"rendered":"https:\/\/impactodenoticias.com.ar\/?p=1472"},"modified":"2024-07-24T09:52:04","modified_gmt":"2024-07-24T12:52:04","slug":"senado-acuerdan-dictamen-para-un-proyecto-de-ley-enviado-por-el-poder-ejecutivo-sobre-la-obra-publica","status":"publish","type":"post","link":"https:\/\/impactodenoticias.com.ar\/?p=1472","title":{"rendered":"Senado: acuerdan dictamen para un proyecto de ley enviado por el Poder Ejecutivo sobre la Obra P\u00fablica"},"content":{"rendered":"\n<p><strong>Senadores que integran las comisiones de Obras P\u00fablicas y Legislaci\u00f3n General, analizaron y emitieron dictamen este martes a una iniciativa proveniente del Poder Ejecutivo, que propicia una serie de reformas tanto en la Ley de Obras P\u00fablicas (Ley N\u00b0 6351) como en el C\u00f3digo Contencioso Administrativo (Ley N\u00b0 7061).<\/strong><\/p>\n\n\n\n<p>En los fundamentos que acompa\u00f1an el proyecto, se lee que la iniciativa surge con motivo de que el actual andamiaje legal de nuestra provincia otorga a los contratistas de obra p\u00fablica un modo ins\u00f3litamente expeditivo para el cobro judicial de los certificados de deuda: el proceso monitorio o el juicio ejecutivo en sede Civil y Comercial, como si se tratara del cobro de deudas entre particulares. En dichos procesos, se restringen significativamente las defensas que puede articular el Estado Provincial, con el agravante de que el accionante, obtiene el r\u00e1pido embargo de las cuentas de la Provincia. Esto ocasiona graves efectos e incertidumbre en las cuentas p\u00fablicas, por cuanto distorsiona las proyecciones presupuestarias y la programaci\u00f3n de su ejecuci\u00f3n.<\/p>\n\n\n\n<p>En el art\u00edculo 1\u00b0 del proyecto, se modifica el art\u00edculo 52\u00b0 de la Ley N\u00b0 6351 que quedar\u00e1 redactado de la siguiente manera: A los efectos de esta Ley, se entiende por certificado, todo cr\u00e9dito documentado que expida la Administraci\u00f3n al contratista con motivo del contrato de obra p\u00fablica. Los mismos carecer\u00e1n del car\u00e1cter de t\u00edtulo ejecutivo y su cobro judicial deber\u00e1 demandarse por ante el fuero Contencioso Administrativo. Las observaciones que el contratista formulare sobre los certificados no eximir\u00e1n a la Administraci\u00f3n de la obligaci\u00f3n de pago de los mismos en su totalidad, hasta una suma l\u00edquida reconocida por ella, dentro de los plazos establecidos. De reconocerse el derecho del contratista sobre el reclamo, los intereses por el saldo se liquidar\u00e1n de acuerdo al criterio establecido en el Art\u00edculo 57\u00b0.\u201d En su Art\u00edculo 2\u00b0 se incorpora como inciso d) del art\u00edculo 2\u00b0 del C\u00f3digo Contencioso Administrativo, Ley N\u00b0 7061 y sus modificatorias, el siguiente: \u201cInciso d): Los actos que resuelvan pretensiones de cobro de certificados de obra p\u00fablica.\u201d<\/p>\n\n\n\n<p>Los senadores consideraron el texto y coincidieron en el objetivo de defender los intereses de la provincia, manifestaron que no se quitan derechos sino que se cambian procedimientos, tras lo cual firmaron el dictamen favorable que ingresar\u00eda en la sesi\u00f3n del cuerpo de esta semana tomando estado parlamentario.<\/p>\n\n\n\n<p><strong>Trabajo conjunto<\/strong><\/p>\n\n\n\n<p>Presentes en la sala de reuniones de Comisiones de la C\u00e1mara de Senadores estuvieron quien preside la Comisi\u00f3n de Obras P\u00fablicas, la senadora Nancy Miranda (Federal \u2013 M\u00e1s para Entre R\u00edos), junto a quien encabeza la comisi\u00f3n de Legislaci\u00f3n General, Jaime Benedetti (Gualeguaych\u00fa \u2013 Juntos por Entre R\u00edos), junto a sus pares Gustavo Vergara (Diamante \u2013 Juntos por Entre R\u00edos), Juan Pablo Cosso (Villaguay \u2013 M\u00e1s para Entre R\u00edos), Gladys Dom\u00ednguez (Feliciano \u2013 M\u00e1s para Entre R\u00edos), Gloria Cozzi (Concordia \u2013 Juntos por Entre R\u00edos) Rub\u00e9n Dal Mol\u00edn (Federaci\u00f3n \u2013 Juntos por Entre R\u00edos), Mart\u00edn Oliva (Uruguay \u2013 M\u00e1s para Entre R\u00edos), Ramiro Favre (Col\u00f3n \u2013 Juntos por Entre R\u00edos), Rafael Cavagna (Nogoy\u00e1 \u2013 Juntos por Entre R\u00edos) y Juan Conti (Tala \u2013 M\u00e1s para Entre R\u00edos).<\/p>\n\n\n\n<p><strong>Terreno para Gualeguay<\/strong><\/p>\n\n\n\n<p>Se reuni\u00f3 tambi\u00e9n la comisi\u00f3n de Legislaci\u00f3n General del Senado. En la sala de reuniones ubicada en el segundo piso de la Casa de Gobierno los legisladores se ocuparon del proyecto de ley que propone autorizar al gobierno entrerriano a transferir a la municipalidad de Gualeguay, a t\u00edtulo de donaci\u00f3n, un inmueble ubicado en su planta urbana. El proyecto ya contaba con media sanci\u00f3n de la C\u00e1mara de Diputados (desde junio).<\/p>\n\n\n\n<p>En el encuentro de hoy se decidi\u00f3 darle despacho de comisi\u00f3n favorable, as\u00ed lo inform\u00f3 el senador de Gualeguaych\u00fa y titular de la comisi\u00f3n Jaime Benedetti.<\/p>\n","protected":false},"excerpt":{"rendered":"<p>Senadores que integran las comisiones de Obras P&uacute;blicas y Legislaci&oacute;n General, analizaron y emitieron dictamen este martes a una iniciativa proveniente del Poder Ejecutivo, que propicia una serie de reformas tanto en la Ley de Obras P&uacute;blicas (Ley N&deg; 6351) como en el C&oacute;digo Contencioso Administrativo (Ley N&deg; 7061). En los fundamentos que acompa&ntilde;an el [&hellip;]<\/p>\n","protected":false},"author":2,"featured_media":1473,"comment_status":"open","ping_status":"open","sticky":false,"template":"","format":"standard","meta":{"footnotes":""},"categories":[11,4],"tags":[756,755,288],"class_list":["post-1472","post","type-post","status-publish","format-standard","has-post-thumbnail","hentry","category-politica","category-provinciales","tag-obras-publicas","tag-poder-ejecutivo","tag-senado"],"_links":{"self":[{"href":"https:\/\/impactodenoticias.com.ar\/index.php?rest_route=\/wp\/v2\/posts\/1472","targetHints":{"allow":["GET"]}}],"collection":[{"href":"https:\/\/impactodenoticias.com.ar\/index.php?rest_route=\/wp\/v2\/posts"}],"about":[{"href":"https:\/\/impactodenoticias.com.ar\/index.php?rest_route=\/wp\/v2\/types\/post"}],"author":[{"embeddable":true,"href":"https:\/\/impactodenoticias.com.ar\/index.php?rest_route=\/wp\/v2\/users\/2"}],"replies":[{"embeddable":true,"href":"https:\/\/impactodenoticias.com.ar\/index.php?rest_route=%2Fwp%2Fv2%2Fcomments&post=1472"}],"version-history":[{"count":1,"href":"https:\/\/impactodenoticias.com.ar\/index.php?rest_route=\/wp\/v2\/posts\/1472\/revisions"}],"predecessor-version":[{"id":1474,"href":"https:\/\/impactodenoticias.com.ar\/index.php?rest_route=\/wp\/v2\/posts\/1472\/revisions\/1474"}],"wp:featuredmedia":[{"embeddable":true,"href":"https:\/\/impactodenoticias.com.ar\/index.php?rest_route=\/wp\/v2\/media\/1473"}],"wp:attachment":[{"href":"https:\/\/impactodenoticias.com.ar\/index.php?rest_route=%2Fwp%2Fv2%2Fmedia&parent=1472"}],"wp:term":[{"taxonomy":"category","embeddable":true,"href":"https:\/\/impactodenoticias.com.ar\/index.php?rest_route=%2Fwp%2Fv2%2Fcategories&post=1472"},{"taxonomy":"post_tag","embeddable":true,"href":"https:\/\/impactodenoticias.com.ar\/index.php?rest_route=%2Fwp%2Fv2%2Ftags&post=1472"}],"curies":[{"name":"wp","href":"https:\/\/api.w.org\/{rel}","templated":true}]}}