{"id":14720,"date":"2025-08-08T10:16:41","date_gmt":"2025-08-08T13:16:41","guid":{"rendered":"https:\/\/impactodenoticias.com.ar\/?p=14720"},"modified":"2025-08-10T11:05:57","modified_gmt":"2025-08-10T14:05:57","slug":"desde-la-fiscalia-informaron-que-avanza-la-causa-por-la-brutal-golpiza-a-una-joven-en-urdinarrain","status":"publish","type":"post","link":"https:\/\/impactodenoticias.com.ar\/?p=14720","title":{"rendered":"Desde la Fiscal\u00eda informaron que avanza la causa por la brutal golpiza a una joven en Urdinarrain"},"content":{"rendered":"\n<h2 class=\"wp-block-heading\">El fiscal a cargo tras a denuncia de la brutal golpiza que sufri\u00f3 una joven, de 23 a\u00f1os, a la salida de un boliche de Urdinarrain brind\u00f3 detalles sobre el curso de la causa, las medidas adoptadas y la probable imputaci\u00f3n para las agresoras.<\/h2>\n\n\n\n<p>Seg\u00fan Lucas Pascual, la imputaci\u00f3n inicial para la agresora y su acompa\u00f1ante ser\u00eda por \u201clesiones leves\u201d. No obstante, esta clasificaci\u00f3n \u201cpuede variar\u201d, una vez que se reciba el informe del m\u00e9dico forense.<\/p>\n\n\n\n<p>Una de las preguntas clave ha sido por qu\u00e9 las atacantes no quedaron detenidas inmediatamente. El fiscal se\u00f1al\u00f3 que \u201cno hubo una aprehensi\u00f3n en flagrancia\u201d (es decir, una detenci\u00f3n en el acto). Si bien la polic\u00eda intervino, como se observa en el video, lo hizo para disuadir la situaci\u00f3n y las agresoras se retiraron del lugar, por lo que no fueron arrestadas en ese momento.<\/p>\n\n\n\n<p>A pesar de no haber detenciones inmediatas, Pascual indic\u00f3 que la fiscal\u00eda actu\u00f3 r\u00e1pidamente. \u201cSe dispuso la apertura de la causa y la investigaci\u00f3n, y se le solicit\u00f3 al juez de Garant\u00eda medidas cautelares y de restricci\u00f3n\u201d.<\/p>\n\n\n\n<p>Consultado sobre el rumor que la principal agresora practicar\u00eda boxeo o kickboxing, el fiscal precis\u00f3 que \u201ctodav\u00eda no lo tiene certificado\u201d, aunque el abogado de la v\u00edctima, Mart\u00edn Gonz\u00e1lez, se lo coment\u00f3 y prometi\u00f3 acreditarlo.<\/p>\n\n\n\n<p>El fiscal aclar\u00f3 que la pr\u00e1ctica de artes marciales \u201cno es un agravante en s\u00ed mismo\u201d bajo los art\u00edculos del C\u00f3digo Penal que rigen las lesiones leves (Art\u00edculo 89) o sus agravantes (Art\u00edculo 92). Las agravantes en este tipo de delitos suelen estar relacionadas con la condici\u00f3n de pareja o la existencia de violencia de g\u00e9nero.<\/p>\n","protected":false},"excerpt":{"rendered":"<p>El fiscal a cargo tras a denuncia de la brutal golpiza que sufri&oacute; una joven, de 23 a&ntilde;os, a la salida de un boliche de Urdinarrain brind&oacute; detalles sobre el curso de la causa, las medidas adoptadas y la probable imputaci&oacute;n para las agresoras. Seg&uacute;n Lucas Pascual, la imputaci&oacute;n inicial para la agresora y su [&hellip;]<\/p>\n","protected":false},"author":2,"featured_media":14721,"comment_status":"open","ping_status":"open","sticky":false,"template":"","format":"standard","meta":{"footnotes":""},"categories":[90,8,4],"tags":[3137,5624,5625,137,118,1221],"class_list":["post-14720","post","type-post","status-publish","format-standard","has-post-thumbnail","hentry","category-judicial","category-policiales","category-provinciales","tag-boliche","tag-cause","tag-golpiza","tag-joven","tag-policiales","tag-urdinarrain"],"_links":{"self":[{"href":"https:\/\/impactodenoticias.com.ar\/index.php?rest_route=\/wp\/v2\/posts\/14720","targetHints":{"allow":["GET"]}}],"collection":[{"href":"https:\/\/impactodenoticias.com.ar\/index.php?rest_route=\/wp\/v2\/posts"}],"about":[{"href":"https:\/\/impactodenoticias.com.ar\/index.php?rest_route=\/wp\/v2\/types\/post"}],"author":[{"embeddable":true,"href":"https:\/\/impactodenoticias.com.ar\/index.php?rest_route=\/wp\/v2\/users\/2"}],"replies":[{"embeddable":true,"href":"https:\/\/impactodenoticias.com.ar\/index.php?rest_route=%2Fwp%2Fv2%2Fcomments&post=14720"}],"version-history":[{"count":1,"href":"https:\/\/impactodenoticias.com.ar\/index.php?rest_route=\/wp\/v2\/posts\/14720\/revisions"}],"predecessor-version":[{"id":14722,"href":"https:\/\/impactodenoticias.com.ar\/index.php?rest_route=\/wp\/v2\/posts\/14720\/revisions\/14722"}],"wp:featuredmedia":[{"embeddable":true,"href":"https:\/\/impactodenoticias.com.ar\/index.php?rest_route=\/wp\/v2\/media\/14721"}],"wp:attachment":[{"href":"https:\/\/impactodenoticias.com.ar\/index.php?rest_route=%2Fwp%2Fv2%2Fmedia&parent=14720"}],"wp:term":[{"taxonomy":"category","embeddable":true,"href":"https:\/\/impactodenoticias.com.ar\/index.php?rest_route=%2Fwp%2Fv2%2Fcategories&post=14720"},{"taxonomy":"post_tag","embeddable":true,"href":"https:\/\/impactodenoticias.com.ar\/index.php?rest_route=%2Fwp%2Fv2%2Ftags&post=14720"}],"curies":[{"name":"wp","href":"https:\/\/api.w.org\/{rel}","templated":true}]}}