{"id":14726,"date":"2025-08-08T10:33:11","date_gmt":"2025-08-08T13:33:11","guid":{"rendered":"https:\/\/impactodenoticias.com.ar\/?p=14726"},"modified":"2025-08-10T11:05:50","modified_gmt":"2025-08-10T14:05:50","slug":"piden-declarar-persona-no-grata-a-netanyahu","status":"publish","type":"post","link":"https:\/\/impactodenoticias.com.ar\/?p=14726","title":{"rendered":"Piden declarar \u201cpersona no grata\u201d a Netanyahu"},"content":{"rendered":"\n<h2 class=\"wp-block-heading\">El diputado Christian Castillo repudi\u00f3 la invitaci\u00f3n de Milei al primer ministro de Israel, a quien llam\u00f3 \u201cgenocida\u201d. \u201cBasta de cubrir el crimen\u201d, destac\u00f3. El ins\u00f3lito rechazo de Mart\u00edn Menem.<\/h2>\n\n\n\n<p>En el inicio de la sesi\u00f3n especial que trata el proyecto de ley de financiamiento universitario y recomposici\u00f3n del salario docente, el diputado nacional Christian Castillo (Frente de Izquierda), present\u00f3 una cuesti\u00f3n de privilegio contra el presidente de la Naci\u00f3n, Javier Milei, por haber mencionado que va a invitar a la Argentina a Benjam\u00edn Netanyahu, primer ministro de Israel.<\/p>\n\n\n\n<p>En su intervenci\u00f3n, Castillo, notoriamente emocionado, subray\u00f3 que el mandatario israel\u00ed tiene un pedido de captura de la Corte Penal Internacional acusado de cometer cr\u00edmenes de guerra y delitos de lesa humanidad durante la conflagraci\u00f3n entre el Estado de Israel y Hamas desde octubre del 2023.<\/p>\n\n\n\n<p>Adem\u00e1s apunt\u00f3 contra el jefe de Estado y dijo: \u201cMilei basta de mirar para otro lado, basta de encubrir el genocidio, basta de encubrir el crimen, basta de silencio c\u00f3mplice y basta de genocidio\u201d. Dirigido al primer ministro de Israel, alz\u00f3 la voz y expres\u00f3: \u201cNetanyahu no va a ser bienvenido en este pa\u00eds\u201d, exclam\u00f3.<\/p>\n\n\n\n<p>El legislador del FIT se\u00f1al\u00f3 que Milei tiene \u201ccomplicidad con el genocida\u201d. Minutos despu\u00e9s mencion\u00f3 las sensibles im\u00e1genes que se hicieron virales a nivel mundial en las que se vio a miles de ni\u00f1os y personas abalanzadas por agua y comida en la Franja de Gaza. Despu\u00e9s, acus\u00f3 que los \u201csoldados israel\u00edes fusilan ni\u00f1os con hambre\u201d.<\/p>\n\n\n\n<p>En ese punto, solicit\u00f3 que se incorpore en la pr\u00f3xima sesi\u00f3n el proyecto de resoluci\u00f3n del Frente de Izquierda que propone declarar como \u201cpersona no grata\u201d a Netanyahu. Despu\u00e9s de esta proclamaci\u00f3n, Carolina Gaillard de Uni\u00f3n por la Patria irrumpi\u00f3 en el recinto y exigi\u00f3 que la iniciativa se sume en este temario. Mart\u00edn Menem neg\u00f3 esa posibilidad.<\/p>\n\n\n\n<p>La entrerriana carg\u00f3 que \u201cse est\u00e1 cometiendo una masacre en Gaza\u201d, donde hubo \u201c50.000 personas y 18.000 ni\u00f1os asesinados\u201d. \u201cNo es una cuesti\u00f3n de privilegio, es una obligaci\u00f3n de este Parlamento y es un acto de dignidad para un Estado argentino que ha sufrido el terrorismo de Estado pronunciarnos\u201d, subray\u00f3 la diputada.<\/p>\n","protected":false},"excerpt":{"rendered":"<p>El diputado Christian Castillo repudi&oacute; la invitaci&oacute;n de Milei al primer ministro de Israel, a quien llam&oacute; &ldquo;genocida&rdquo;. &ldquo;Basta de cubrir el crimen&rdquo;, destac&oacute;. El ins&oacute;lito rechazo de Mart&iacute;n Menem. En el inicio de la sesi&oacute;n especial que trata el proyecto de ley de financiamiento universitario y recomposici&oacute;n del salario docente, el diputado nacional Christian [&hellip;]<\/p>\n","protected":false},"author":2,"featured_media":14727,"comment_status":"open","ping_status":"open","sticky":false,"template":"","format":"standard","meta":{"footnotes":""},"categories":[10,11],"tags":[245,5626,590,5628,5627,4176],"class_list":["post-14726","post","type-post","status-publish","format-standard","has-post-thumbnail","hentry","category-nacionales","category-politica","tag-argentina","tag-benjamin-netanyahu","tag-carolina-gaillard","tag-christian-castillo","tag-no-grata","tag-persona"],"_links":{"self":[{"href":"https:\/\/impactodenoticias.com.ar\/index.php?rest_route=\/wp\/v2\/posts\/14726","targetHints":{"allow":["GET"]}}],"collection":[{"href":"https:\/\/impactodenoticias.com.ar\/index.php?rest_route=\/wp\/v2\/posts"}],"about":[{"href":"https:\/\/impactodenoticias.com.ar\/index.php?rest_route=\/wp\/v2\/types\/post"}],"author":[{"embeddable":true,"href":"https:\/\/impactodenoticias.com.ar\/index.php?rest_route=\/wp\/v2\/users\/2"}],"replies":[{"embeddable":true,"href":"https:\/\/impactodenoticias.com.ar\/index.php?rest_route=%2Fwp%2Fv2%2Fcomments&post=14726"}],"version-history":[{"count":1,"href":"https:\/\/impactodenoticias.com.ar\/index.php?rest_route=\/wp\/v2\/posts\/14726\/revisions"}],"predecessor-version":[{"id":14728,"href":"https:\/\/impactodenoticias.com.ar\/index.php?rest_route=\/wp\/v2\/posts\/14726\/revisions\/14728"}],"wp:featuredmedia":[{"embeddable":true,"href":"https:\/\/impactodenoticias.com.ar\/index.php?rest_route=\/wp\/v2\/media\/14727"}],"wp:attachment":[{"href":"https:\/\/impactodenoticias.com.ar\/index.php?rest_route=%2Fwp%2Fv2%2Fmedia&parent=14726"}],"wp:term":[{"taxonomy":"category","embeddable":true,"href":"https:\/\/impactodenoticias.com.ar\/index.php?rest_route=%2Fwp%2Fv2%2Fcategories&post=14726"},{"taxonomy":"post_tag","embeddable":true,"href":"https:\/\/impactodenoticias.com.ar\/index.php?rest_route=%2Fwp%2Fv2%2Ftags&post=14726"}],"curies":[{"name":"wp","href":"https:\/\/api.w.org\/{rel}","templated":true}]}}