{"id":14732,"date":"2025-08-10T10:18:11","date_gmt":"2025-08-10T13:18:11","guid":{"rendered":"https:\/\/impactodenoticias.com.ar\/?p=14732"},"modified":"2025-08-10T10:18:11","modified_gmt":"2025-08-10T13:18:11","slug":"crespo-arrestaron-a-un-hombre-denunciado-por-grave-hecho-de-violencia-de-genero","status":"publish","type":"post","link":"https:\/\/impactodenoticias.com.ar\/?p=14732","title":{"rendered":"Crespo: arrestaron a un hombre denunciado por grave hecho de violencia de g\u00e9nero"},"content":{"rendered":"\n<h2 class=\"wp-block-heading\">El hombre fue detenido en Crespo este s\u00e1bado por la tarde. Tras el mandamiento judicial ordenado por el Juez de Garant\u00edas N\u00b0 04, Dr. Juli\u00e1n Vergara, finalmente se detuvo al violento.<\/h2>\n\n\n\n<p>En cercan\u00edas del Barrio Del Rosario de la localidad de Crespo, una patrulla policial observ\u00f3 a un hombre de 41 a\u00f1os, conocido por los funcionarios, sobre quien pesaba un pedido de detenci\u00f3n.<\/p>\n\n\n\n<p>El detenido se encuentra en situaci\u00f3n de calle y ser\u00eda oriundo de la ciudad de Diamante, si bien est\u00e1 radicado hace un tiempo en la ciudad de Crespo.<\/p>\n\n\n\n<p>El pedido de captura se da tras una solicitud realizada por la fiscal Mar\u00eda Elizabet Comas, en el marco de investigaciones por situaciones de violencia de g\u00e9nero.<\/p>\n\n\n\n<p>Una vez detenido, una comisi\u00f3n policial traslad\u00f3 al sujeto a la alcald\u00eda de Tribunales de la ciudad de Paran\u00e1 donde qued\u00f3 alojado a disposici\u00f3n de la Justicia.<\/p>\n","protected":false},"excerpt":{"rendered":"<p>El hombre fue detenido en Crespo este s&aacute;bado por la tarde. Tras el mandamiento judicial ordenado por el Juez de Garant&iacute;as N&deg; 04, Dr. Juli&aacute;n Vergara, finalmente se detuvo al violento. En cercan&iacute;as del Barrio Del Rosario de la localidad de Crespo, una patrulla policial observ&oacute; a un hombre de 41 a&ntilde;os, conocido por los [&hellip;]<\/p>\n","protected":false},"author":2,"featured_media":14733,"comment_status":"open","ping_status":"open","sticky":false,"template":"","format":"standard","meta":{"footnotes":""},"categories":[8,4],"tags":[337,175,4468,146,118,376],"class_list":["post-14732","post","type-post","status-publish","format-standard","has-post-thumbnail","hentry","category-policiales","category-provinciales","tag-crespo","tag-detenido","tag-genero","tag-hombre","tag-policiales","tag-violencia"],"_links":{"self":[{"href":"https:\/\/impactodenoticias.com.ar\/index.php?rest_route=\/wp\/v2\/posts\/14732","targetHints":{"allow":["GET"]}}],"collection":[{"href":"https:\/\/impactodenoticias.com.ar\/index.php?rest_route=\/wp\/v2\/posts"}],"about":[{"href":"https:\/\/impactodenoticias.com.ar\/index.php?rest_route=\/wp\/v2\/types\/post"}],"author":[{"embeddable":true,"href":"https:\/\/impactodenoticias.com.ar\/index.php?rest_route=\/wp\/v2\/users\/2"}],"replies":[{"embeddable":true,"href":"https:\/\/impactodenoticias.com.ar\/index.php?rest_route=%2Fwp%2Fv2%2Fcomments&post=14732"}],"version-history":[{"count":1,"href":"https:\/\/impactodenoticias.com.ar\/index.php?rest_route=\/wp\/v2\/posts\/14732\/revisions"}],"predecessor-version":[{"id":14734,"href":"https:\/\/impactodenoticias.com.ar\/index.php?rest_route=\/wp\/v2\/posts\/14732\/revisions\/14734"}],"wp:featuredmedia":[{"embeddable":true,"href":"https:\/\/impactodenoticias.com.ar\/index.php?rest_route=\/wp\/v2\/media\/14733"}],"wp:attachment":[{"href":"https:\/\/impactodenoticias.com.ar\/index.php?rest_route=%2Fwp%2Fv2%2Fmedia&parent=14732"}],"wp:term":[{"taxonomy":"category","embeddable":true,"href":"https:\/\/impactodenoticias.com.ar\/index.php?rest_route=%2Fwp%2Fv2%2Fcategories&post=14732"},{"taxonomy":"post_tag","embeddable":true,"href":"https:\/\/impactodenoticias.com.ar\/index.php?rest_route=%2Fwp%2Fv2%2Ftags&post=14732"}],"curies":[{"name":"wp","href":"https:\/\/api.w.org\/{rel}","templated":true}]}}