{"id":14735,"date":"2025-08-10T10:41:48","date_gmt":"2025-08-10T13:41:48","guid":{"rendered":"https:\/\/impactodenoticias.com.ar\/?p=14735"},"modified":"2025-08-10T10:41:49","modified_gmt":"2025-08-10T13:41:49","slug":"chajari-tras-caer-del-techo-de-su-vivienda-un-hombre-sufrio-un-traumatismo-de-craneo","status":"publish","type":"post","link":"https:\/\/impactodenoticias.com.ar\/?p=14735","title":{"rendered":"Chajar\u00ed: tras caer del techo de su vivienda un hombre sufri\u00f3 un traumatismo de cr\u00e1neo"},"content":{"rendered":"\n<h2 class=\"wp-block-heading\">Un hombre sufri\u00f3 una grave lesi\u00f3n, al caer de un techo en la ciudad de Chajar\u00ed. El accidente, se produjo el s\u00e1bado alrededor de las 18:10 en un domicilio en Ruta 3 Hermanas y calle Concordia, en zona periurbana al este de Chajar\u00ed.<\/h2>\n\n\n\n<p>Se trata de un vecino de 55 a\u00f1os que se encontraba reparando el techo de su vivienda. Se rompi\u00f3 la escalera en la que estaba trabajando, lo que provoc\u00f3 su desestabilizaci\u00f3n, y termin\u00f3 cayendo al piso de cabeza desde cerca de 5 metros de altura. Fue trasladado de urgencia en ambulancia.<\/p>\n\n\n\n<p>Se di\u00f3 intervenci\u00f3n al m\u00e9dico policial quien inform\u00f3 que padeci\u00f3 \u201clesiones graves\u201d, espec\u00edficamente un traumatismo craneoencef\u00e1lico con p\u00e9rdida de conocimiento con herida tipo scalp en cuero cabelludo.<\/p>\n\n\n\n<p>Debido a la gravedad de la situaci\u00f3n, fue trasladado a la Cl\u00ednica Uni\u00f3n para estudio del traumatismo. La fiscal\u00eda orden\u00f3 la realizaci\u00f3n de actuaciones de rigor.<\/p>\n","protected":false},"excerpt":{"rendered":"<p>Un hombre sufri&oacute; una grave lesi&oacute;n, al caer de un techo en la ciudad de Chajar&iacute;. El accidente, se produjo el s&aacute;bado alrededor de las 18:10 en un domicilio en Ruta 3 Hermanas y calle Concordia, en zona periurbana al este de Chajar&iacute;. Se trata de un vecino de 55 a&ntilde;os que se encontraba reparando [&hellip;]<\/p>\n","protected":false},"author":2,"featured_media":14736,"comment_status":"open","ping_status":"open","sticky":false,"template":"","format":"standard","meta":{"footnotes":""},"categories":[8,4],"tags":[36,211,122,460,146,2782,118,2579],"class_list":["post-14735","post","type-post","status-publish","format-standard","has-post-thumbnail","hentry","category-policiales","category-provinciales","tag-caida","tag-chajari","tag-estado","tag-grave","tag-hombre","tag-internado","tag-policiales","tag-techo"],"_links":{"self":[{"href":"https:\/\/impactodenoticias.com.ar\/index.php?rest_route=\/wp\/v2\/posts\/14735","targetHints":{"allow":["GET"]}}],"collection":[{"href":"https:\/\/impactodenoticias.com.ar\/index.php?rest_route=\/wp\/v2\/posts"}],"about":[{"href":"https:\/\/impactodenoticias.com.ar\/index.php?rest_route=\/wp\/v2\/types\/post"}],"author":[{"embeddable":true,"href":"https:\/\/impactodenoticias.com.ar\/index.php?rest_route=\/wp\/v2\/users\/2"}],"replies":[{"embeddable":true,"href":"https:\/\/impactodenoticias.com.ar\/index.php?rest_route=%2Fwp%2Fv2%2Fcomments&post=14735"}],"version-history":[{"count":1,"href":"https:\/\/impactodenoticias.com.ar\/index.php?rest_route=\/wp\/v2\/posts\/14735\/revisions"}],"predecessor-version":[{"id":14737,"href":"https:\/\/impactodenoticias.com.ar\/index.php?rest_route=\/wp\/v2\/posts\/14735\/revisions\/14737"}],"wp:featuredmedia":[{"embeddable":true,"href":"https:\/\/impactodenoticias.com.ar\/index.php?rest_route=\/wp\/v2\/media\/14736"}],"wp:attachment":[{"href":"https:\/\/impactodenoticias.com.ar\/index.php?rest_route=%2Fwp%2Fv2%2Fmedia&parent=14735"}],"wp:term":[{"taxonomy":"category","embeddable":true,"href":"https:\/\/impactodenoticias.com.ar\/index.php?rest_route=%2Fwp%2Fv2%2Fcategories&post=14735"},{"taxonomy":"post_tag","embeddable":true,"href":"https:\/\/impactodenoticias.com.ar\/index.php?rest_route=%2Fwp%2Fv2%2Ftags&post=14735"}],"curies":[{"name":"wp","href":"https:\/\/api.w.org\/{rel}","templated":true}]}}