{"id":14751,"date":"2025-08-10T12:56:38","date_gmt":"2025-08-10T15:56:38","guid":{"rendered":"https:\/\/impactodenoticias.com.ar\/?p=14751"},"modified":"2025-08-11T09:40:17","modified_gmt":"2025-08-11T12:40:17","slug":"el-comedor-gruta-de-lourdes-de-concordia-solicita-ayuda-de-la-comunidad","status":"publish","type":"post","link":"https:\/\/impactodenoticias.com.ar\/?p=14751","title":{"rendered":"El Comedor Gruta de Lourdes de Concordia solicita ayuda de la comunidad"},"content":{"rendered":"\n<h2 class=\"wp-block-heading\">La hist\u00f3rica entidad no funciona en la actualidad porque el gobierno nacional no env\u00eda m\u00e1s dinero. De cerrarse definitivamente peligra la comida de cientos de ni\u00f1os.<\/h2>\n\n\n\n<p>El Comedor Gruta de Lourdes de Concordia, hist\u00f3rico del padre Andr\u00e9s Serv\u00edn, dej\u00f3 de funcionar de lunes a viernes ante la falta de env\u00edo de fondos desde Naci\u00f3n. En las \u00faltimas horas se pide ayuda para poder continuar con su labor, que asiste a cerca de 450 ni\u00f1os y ni\u00f1as.<\/p>\n\n\n\n<p>\u201cEl Comedor Comunitario de la Parroquia Nuestra Se\u00f1ora de Lourdes, necesita de tu ayuda para alimentar a quienes m\u00e1s lo necesitan\u201d, se\u00f1ala el comunicado emitido por la instituci\u00f3n. Desde la entidad piden comida, que se puede acercar de lunes a s\u00e1bado entre las 16 y las 20. En el caso de querer colaborar con dinero, se puede transferir al alias <strong>SUMA.CUARTO.CACAO.<\/strong><\/p>\n\n\n\n<p>Desde el hist\u00f3rico sitio de la zona sur de la ciudad de Concordia se manifest\u00f3 que \u201ccada aporte, grande o peque\u00f1o, hace una gran diferencia\u201d. Por lo tanto, se agradece a la comunidad \u201cpor sumarse a esta misi\u00f3n solidaria\u201d, finalizan.<\/p>\n","protected":false},"excerpt":{"rendered":"<p>La hist&oacute;rica entidad no funciona en la actualidad porque el gobierno nacional no env&iacute;a m&aacute;s dinero. De cerrarse definitivamente peligra la comida de cientos de ni&ntilde;os. El Comedor Gruta de Lourdes de Concordia, hist&oacute;rico del padre Andr&eacute;s Serv&iacute;n, dej&oacute; de funcionar de lunes a viernes ante la falta de env&iacute;o de fondos desde Naci&oacute;n. En [&hellip;]<\/p>\n","protected":false},"author":2,"featured_media":14752,"comment_status":"open","ping_status":"open","sticky":false,"template":"","format":"standard","meta":{"footnotes":""},"categories":[4,49],"tags":[5647,3207,5645,2888,72,1302],"class_list":["post-14751","post","type-post","status-publish","format-standard","has-post-thumbnail","hentry","category-provinciales","category-sociedad","tag-ayuda","tag-cierra","tag-comedor-gruta-lourdes","tag-comunidad","tag-concordia","tag-nacion"],"_links":{"self":[{"href":"https:\/\/impactodenoticias.com.ar\/index.php?rest_route=\/wp\/v2\/posts\/14751","targetHints":{"allow":["GET"]}}],"collection":[{"href":"https:\/\/impactodenoticias.com.ar\/index.php?rest_route=\/wp\/v2\/posts"}],"about":[{"href":"https:\/\/impactodenoticias.com.ar\/index.php?rest_route=\/wp\/v2\/types\/post"}],"author":[{"embeddable":true,"href":"https:\/\/impactodenoticias.com.ar\/index.php?rest_route=\/wp\/v2\/users\/2"}],"replies":[{"embeddable":true,"href":"https:\/\/impactodenoticias.com.ar\/index.php?rest_route=%2Fwp%2Fv2%2Fcomments&post=14751"}],"version-history":[{"count":1,"href":"https:\/\/impactodenoticias.com.ar\/index.php?rest_route=\/wp\/v2\/posts\/14751\/revisions"}],"predecessor-version":[{"id":14753,"href":"https:\/\/impactodenoticias.com.ar\/index.php?rest_route=\/wp\/v2\/posts\/14751\/revisions\/14753"}],"wp:featuredmedia":[{"embeddable":true,"href":"https:\/\/impactodenoticias.com.ar\/index.php?rest_route=\/wp\/v2\/media\/14752"}],"wp:attachment":[{"href":"https:\/\/impactodenoticias.com.ar\/index.php?rest_route=%2Fwp%2Fv2%2Fmedia&parent=14751"}],"wp:term":[{"taxonomy":"category","embeddable":true,"href":"https:\/\/impactodenoticias.com.ar\/index.php?rest_route=%2Fwp%2Fv2%2Fcategories&post=14751"},{"taxonomy":"post_tag","embeddable":true,"href":"https:\/\/impactodenoticias.com.ar\/index.php?rest_route=%2Fwp%2Fv2%2Ftags&post=14751"}],"curies":[{"name":"wp","href":"https:\/\/api.w.org\/{rel}","templated":true}]}}