{"id":14763,"date":"2025-08-11T09:20:14","date_gmt":"2025-08-11T12:20:14","guid":{"rendered":"https:\/\/impactodenoticias.com.ar\/?p=14763"},"modified":"2025-08-12T17:33:49","modified_gmt":"2025-08-12T20:33:49","slug":"como-se-esperaba-benedetti-y-schneider-se-impusieron-en-la-interna-radical","status":"publish","type":"post","link":"https:\/\/impactodenoticias.com.ar\/?p=14763","title":{"rendered":"Como se esperaba: Benedetti y Schneider se impusieron en la interna radical"},"content":{"rendered":"\n<h2 class=\"wp-block-heading\">La lista oficialista gan\u00f3 por una gran diferencia en casi toda la provincia, ratificando de este modo la tendencia del \u00faltimo congreso partidario.<\/h2>\n\n\n\n<p>La lista de Atilio Benedetti -Senado- y Dar\u00edo Schneider -Diputados- se impuso por amplia mayor\u00eda en la elecci\u00f3n interna de la Uni\u00f3n C\u00edvica Radical (UCR) de Entre R\u00edos, la novedad fue confirmada a IMPACTO DE NOTICIAS a \u00faltima hora de ayer. La n\u00f3mina, liderada por la corriente oficialista de la UCR, sacaron una amplia ventaja sobre sus competidores, Rub\u00e9n Pagliotto y Mar\u00eda Elena Herzovich. Por el momento no se informaron los guarismos, pero trascendi\u00f3 extra oficialmente que hubo muy poca participaci\u00f3n de los afiliados.<\/p>\n\n\n\n<p>La propuesta del actual legislador nacional y del ministro de Planeamiento del gobierno entrerriano ya ven\u00eda de alzarse con una victoria en el \u00faltimo congreso partidario, donde con una contundente mayor\u00eda decidi\u00f3 abrirle la puerta a La Libertad Avanza para que entre a Juntos por Entre R\u00edos. Esa decisi\u00f3n fue fundamental para que en los \u00faltimos d\u00edas se consumara la alianza La Libertad Avanza, que contiene a la coalici\u00f3n oficialista y al partido de Javier Milei, con expectativas de ir con amplias chances en octubre ante un peronismo fracturado.<\/p>\n\n\n\n<p>La lista de Pagliotto-Herzovich -que se opon\u00eda tajantemente a un acuerdo con la ultraderecha- no habr\u00eda llegado al 25% necesario para poder incorporarse a la n\u00f3mina ganadora como minor\u00eda. La oferta de Benedetti y Schneider se impuso en 16 de los 17 departamentos, con la excepci\u00f3n de Federal, de donde es justamente la presidenta del partido, Alicia Oviedo.<\/p>\n","protected":false},"excerpt":{"rendered":"<p>La lista oficialista gan&oacute; por una gran diferencia en casi toda la provincia, ratificando de este modo la tendencia del &uacute;ltimo congreso partidario. La lista de Atilio Benedetti -Senado- y Dar&iacute;o Schneider -Diputados- se impuso por amplia mayor&iacute;a en la elecci&oacute;n interna de la Uni&oacute;n C&iacute;vica Radical (UCR) de Entre R&iacute;os, la novedad fue confirmada [&hellip;]<\/p>\n","protected":false},"author":2,"featured_media":14764,"comment_status":"open","ping_status":"open","sticky":false,"template":"","format":"standard","meta":{"footnotes":""},"categories":[11,4],"tags":[483,1826,3942,33,4076,216],"class_list":["post-14763","post","type-post","status-publish","format-standard","has-post-thumbnail","hentry","category-politica","category-provinciales","tag-atilio-benedetti","tag-dario-schneider","tag-elecciones","tag-entre-rios","tag-internas","tag-ucr"],"_links":{"self":[{"href":"https:\/\/impactodenoticias.com.ar\/index.php?rest_route=\/wp\/v2\/posts\/14763","targetHints":{"allow":["GET"]}}],"collection":[{"href":"https:\/\/impactodenoticias.com.ar\/index.php?rest_route=\/wp\/v2\/posts"}],"about":[{"href":"https:\/\/impactodenoticias.com.ar\/index.php?rest_route=\/wp\/v2\/types\/post"}],"author":[{"embeddable":true,"href":"https:\/\/impactodenoticias.com.ar\/index.php?rest_route=\/wp\/v2\/users\/2"}],"replies":[{"embeddable":true,"href":"https:\/\/impactodenoticias.com.ar\/index.php?rest_route=%2Fwp%2Fv2%2Fcomments&post=14763"}],"version-history":[{"count":1,"href":"https:\/\/impactodenoticias.com.ar\/index.php?rest_route=\/wp\/v2\/posts\/14763\/revisions"}],"predecessor-version":[{"id":14765,"href":"https:\/\/impactodenoticias.com.ar\/index.php?rest_route=\/wp\/v2\/posts\/14763\/revisions\/14765"}],"wp:featuredmedia":[{"embeddable":true,"href":"https:\/\/impactodenoticias.com.ar\/index.php?rest_route=\/wp\/v2\/media\/14764"}],"wp:attachment":[{"href":"https:\/\/impactodenoticias.com.ar\/index.php?rest_route=%2Fwp%2Fv2%2Fmedia&parent=14763"}],"wp:term":[{"taxonomy":"category","embeddable":true,"href":"https:\/\/impactodenoticias.com.ar\/index.php?rest_route=%2Fwp%2Fv2%2Fcategories&post=14763"},{"taxonomy":"post_tag","embeddable":true,"href":"https:\/\/impactodenoticias.com.ar\/index.php?rest_route=%2Fwp%2Fv2%2Ftags&post=14763"}],"curies":[{"name":"wp","href":"https:\/\/api.w.org\/{rel}","templated":true}]}}