{"id":14805,"date":"2025-08-13T11:24:28","date_gmt":"2025-08-13T14:24:28","guid":{"rendered":"https:\/\/impactodenoticias.com.ar\/?p=14805"},"modified":"2025-08-13T11:24:28","modified_gmt":"2025-08-13T14:24:28","slug":"dejo-por-olvido-las-llaves-de-su-auto-puestas-y-se-lo-robaron","status":"publish","type":"post","link":"https:\/\/impactodenoticias.com.ar\/?p=14805","title":{"rendered":"Dej\u00f3 por olvido las llaves de su auto puestas y se lo robaron"},"content":{"rendered":"\n<h2 class=\"wp-block-heading\">El auto apareci\u00f3 poco despu\u00e9s en el Volcadero de Paran\u00e1 y lo estaban desarmando. La v\u00edctima del robo es una familia de Colonia Avellaneda.<\/h2>\n\n\n\n<p>En la madrugada de este mi\u00e9rcoles, un transe\u00fante de Paran\u00e1 alert\u00f3 al personal policial sobre la presencia de personas desarmando un autom\u00f3vil Renault Clio en la zona del Volcadero del Barrio San Mart\u00edn. Ante el aviso, la sala del 911 envi\u00f3 un m\u00f3vil al lugar.<\/p>\n\n\n\n<p>Al arribar, se constat\u00f3 la presencia de un Renault Clio gris, cuyo dominio fue verificado y se estableci\u00f3 que su titular reside en la localidad de Colonia Avellaneda.<\/p>\n\n\n\n<p>Con ese dato, se envi\u00f3 el m\u00f3vil de la jurisdicci\u00f3n para entrevistarlo. En el lugar la v\u00edctima del robo, se\u00f1al\u00f3 que aproximadamente a la 1:00 su esposa hab\u00eda dejado el autom\u00f3vil estacionado frente a su domicilio, con las llaves colocadas, y que el rodado habr\u00eda sido sustra\u00eddo en horas de la noche.<\/p>\n\n\n\n<p>El damnificado se dirigi\u00f3 a la Comisar\u00eda de Colonia Avellaneda para formalizar la denuncia correspondiente. Simult\u00e1nemante personal policial de Comisar\u00eda Quinta secuestr\u00f3 el veh\u00edculo ubicado en Paran\u00e1.<\/p>\n","protected":false},"excerpt":{"rendered":"<p>El auto apareci&oacute; poco despu&eacute;s en el Volcadero de Paran&aacute; y lo estaban desarmando. La v&iacute;ctima del robo es una familia de Colonia Avellaneda. En la madrugada de este mi&eacute;rcoles, un transe&uacute;nte de Paran&aacute; alert&oacute; al personal policial sobre la presencia de personas desarmando un autom&oacute;vil Renault Clio en la zona del Volcadero del Barrio [&hellip;]<\/p>\n","protected":false},"author":2,"featured_media":14806,"comment_status":"open","ping_status":"open","sticky":false,"template":"","format":"standard","meta":{"footnotes":""},"categories":[3,8],"tags":[507,344,95,147,5668],"class_list":["post-14805","post","type-post","status-publish","format-standard","has-post-thumbnail","hentry","category-locales","category-policiales","tag-auto","tag-colonia-avellaneda","tag-parana","tag-robo","tag-volcadero"],"_links":{"self":[{"href":"https:\/\/impactodenoticias.com.ar\/index.php?rest_route=\/wp\/v2\/posts\/14805","targetHints":{"allow":["GET"]}}],"collection":[{"href":"https:\/\/impactodenoticias.com.ar\/index.php?rest_route=\/wp\/v2\/posts"}],"about":[{"href":"https:\/\/impactodenoticias.com.ar\/index.php?rest_route=\/wp\/v2\/types\/post"}],"author":[{"embeddable":true,"href":"https:\/\/impactodenoticias.com.ar\/index.php?rest_route=\/wp\/v2\/users\/2"}],"replies":[{"embeddable":true,"href":"https:\/\/impactodenoticias.com.ar\/index.php?rest_route=%2Fwp%2Fv2%2Fcomments&post=14805"}],"version-history":[{"count":1,"href":"https:\/\/impactodenoticias.com.ar\/index.php?rest_route=\/wp\/v2\/posts\/14805\/revisions"}],"predecessor-version":[{"id":14807,"href":"https:\/\/impactodenoticias.com.ar\/index.php?rest_route=\/wp\/v2\/posts\/14805\/revisions\/14807"}],"wp:featuredmedia":[{"embeddable":true,"href":"https:\/\/impactodenoticias.com.ar\/index.php?rest_route=\/wp\/v2\/media\/14806"}],"wp:attachment":[{"href":"https:\/\/impactodenoticias.com.ar\/index.php?rest_route=%2Fwp%2Fv2%2Fmedia&parent=14805"}],"wp:term":[{"taxonomy":"category","embeddable":true,"href":"https:\/\/impactodenoticias.com.ar\/index.php?rest_route=%2Fwp%2Fv2%2Fcategories&post=14805"},{"taxonomy":"post_tag","embeddable":true,"href":"https:\/\/impactodenoticias.com.ar\/index.php?rest_route=%2Fwp%2Fv2%2Ftags&post=14805"}],"curies":[{"name":"wp","href":"https:\/\/api.w.org\/{rel}","templated":true}]}}