{"id":14812,"date":"2025-08-13T11:36:57","date_gmt":"2025-08-13T14:36:57","guid":{"rendered":"https:\/\/impactodenoticias.com.ar\/?p=14812"},"modified":"2025-08-13T11:36:58","modified_gmt":"2025-08-13T14:36:58","slug":"concepcion-del-uruguay-solicitan-ayuda-de-la-comunidad-para-ubicar-a-un-hombre","status":"publish","type":"post","link":"https:\/\/impactodenoticias.com.ar\/?p=14812","title":{"rendered":"Concepci\u00f3n del Uruguay: solicitan ayuda de la comunidad para ubicar a un hombre"},"content":{"rendered":"\n<h2 class=\"wp-block-heading\">La Jefatura Departamental Uruguay, pide la colaboraci\u00f3n de la poblaci\u00f3n para localizar a Cristian Manuel Roa, de 43 a\u00f1os, quien se ausent\u00f3 de su domicilio el lunes 11 de agosto a las 16:00. Su hermana denunci\u00f3 su ausencia y hasta el momento se desconoce su paradero.<\/h2>\n\n\n\n<p>Cristian mide 1,70 metros, es delgado, de tez trigue\u00f1a, pelo corto canoso, barba corta y le faltan piezas dentales. Al momento de ausentarse, portaba una campera polar azul, bufanda azul con cuadros negros, pantal\u00f3n de jeans gris y zapatillas de lona negras con suela blanca, y llevaba una mochila oscura gris.<\/p>\n\n\n\n<p><\/p>\n\n\n\n<figure class=\"wp-block-image size-full\"><img loading=\"lazy\" decoding=\"async\" width=\"243\" height=\"466\" src=\"https:\/\/impactodenoticias.com.ar\/wp-content\/uploads\/2025\/08\/Cristian-Manuel-Roa.webp\" alt=\"\" class=\"wp-image-14813\" srcset=\"https:\/\/impactodenoticias.com.ar\/wp-content\/uploads\/2025\/08\/Cristian-Manuel-Roa.webp 243w, https:\/\/impactodenoticias.com.ar\/wp-content\/uploads\/2025\/08\/Cristian-Manuel-Roa-156x300.webp 156w\" sizes=\"auto, (max-width: 243px) 100vw, 243px\" \/><\/figure>\n\n\n\n<p><\/p>\n\n\n\n<p>Se indica adem\u00e1s que Cristian posee un retraso madurativo. Cualquier informaci\u00f3n que pueda ayudar a la investigaci\u00f3n puede ser aportada en la dependencia policial m\u00e1s cercana o a los tel\u00e9fonos 03442-422222 o gratuito \u201c101\u201d. Se agradece de antemano la colaboraci\u00f3n.<\/p>\n","protected":false},"excerpt":{"rendered":"<p>La Jefatura Departamental Uruguay, pide la colaboraci&oacute;n de la poblaci&oacute;n para localizar a Cristian Manuel Roa, de 43 a&ntilde;os, quien se ausent&oacute; de su domicilio el lunes 11 de agosto a las 16:00. Su hermana denunci&oacute; su ausencia y hasta el momento se desconoce su paradero. Cristian mide 1,70 metros, es delgado, de tez trigue&ntilde;a, [&hellip;]<\/p>\n","protected":false},"author":2,"featured_media":14814,"comment_status":"open","ping_status":"open","sticky":false,"template":"","format":"standard","meta":{"footnotes":""},"categories":[8,4,49],"tags":[251,324,5669],"class_list":["post-14812","post","type-post","status-publish","format-standard","has-post-thumbnail","hentry","category-policiales","category-provinciales","category-sociedad","tag-busqueda","tag-concepcion-del-uruguay","tag-cristian-manuel-roa"],"_links":{"self":[{"href":"https:\/\/impactodenoticias.com.ar\/index.php?rest_route=\/wp\/v2\/posts\/14812","targetHints":{"allow":["GET"]}}],"collection":[{"href":"https:\/\/impactodenoticias.com.ar\/index.php?rest_route=\/wp\/v2\/posts"}],"about":[{"href":"https:\/\/impactodenoticias.com.ar\/index.php?rest_route=\/wp\/v2\/types\/post"}],"author":[{"embeddable":true,"href":"https:\/\/impactodenoticias.com.ar\/index.php?rest_route=\/wp\/v2\/users\/2"}],"replies":[{"embeddable":true,"href":"https:\/\/impactodenoticias.com.ar\/index.php?rest_route=%2Fwp%2Fv2%2Fcomments&post=14812"}],"version-history":[{"count":1,"href":"https:\/\/impactodenoticias.com.ar\/index.php?rest_route=\/wp\/v2\/posts\/14812\/revisions"}],"predecessor-version":[{"id":14815,"href":"https:\/\/impactodenoticias.com.ar\/index.php?rest_route=\/wp\/v2\/posts\/14812\/revisions\/14815"}],"wp:featuredmedia":[{"embeddable":true,"href":"https:\/\/impactodenoticias.com.ar\/index.php?rest_route=\/wp\/v2\/media\/14814"}],"wp:attachment":[{"href":"https:\/\/impactodenoticias.com.ar\/index.php?rest_route=%2Fwp%2Fv2%2Fmedia&parent=14812"}],"wp:term":[{"taxonomy":"category","embeddable":true,"href":"https:\/\/impactodenoticias.com.ar\/index.php?rest_route=%2Fwp%2Fv2%2Fcategories&post=14812"},{"taxonomy":"post_tag","embeddable":true,"href":"https:\/\/impactodenoticias.com.ar\/index.php?rest_route=%2Fwp%2Fv2%2Ftags&post=14812"}],"curies":[{"name":"wp","href":"https:\/\/api.w.org\/{rel}","templated":true}]}}