{"id":14816,"date":"2025-08-13T11:43:54","date_gmt":"2025-08-13T14:43:54","guid":{"rendered":"https:\/\/impactodenoticias.com.ar\/?p=14816"},"modified":"2025-08-13T11:43:55","modified_gmt":"2025-08-13T14:43:55","slug":"parana-una-joven-denuncio-que-trataron-de-subirla-a-un-auto-por-la-fuerza","status":"publish","type":"post","link":"https:\/\/impactodenoticias.com.ar\/?p=14816","title":{"rendered":"Paran\u00e1: una joven denunci\u00f3 que trataron de subirla a un auto por la fuerza"},"content":{"rendered":"\n<h2 class=\"wp-block-heading\">Una joven denunci\u00f3 que intentaron subirla a un auto por la fuerza en Paran\u00e1. El impactante hecho, se registr\u00f3 en horas de la noche de este martes y tras la denuncia la Polic\u00eda detuvo a tres personas.<\/h2>\n\n\n\n<p>Desde la Polic\u00eda se inform\u00f3 a<strong> IMPACTO DE NOTICIAS<\/strong>, que personal de Comisar\u00eda Novena se hizo presente tras un llamado por una grave situaci\u00f3n. En el lugar, una joven de 22 a\u00f1os cont\u00f3 que su hermana, de 30, lleg\u00f3 en un autom\u00f3vil Fiat rojo acompa\u00f1ada por tres hombres.<\/p>\n\n\n\n<p>Seg\u00fan relat\u00f3, intentaron llevarla con ella de manera forzada, utilizando un cuchillo y una botella. Ante esta situaci\u00f3n, la joven se defendi\u00f3 con un ladrillo. Las personas se retiraron del lugar.<\/p>\n\n\n\n<p>Minutos despu\u00e9s, la Polic\u00eda intercept\u00f3 el veh\u00edculo en calles Segundo Sombra y Rep\u00fablica de Siria, donde viajaban dos hombres y la mujer mencionada. Despu\u00e9s de una revisi\u00f3n ordenada por la Fiscal\u00eda y el Juez de Garant\u00edas, se secuestraron un cuchillo y una botella de vidrio.<\/p>\n\n\n\n<p>Las personas fueron arrestadas y posteriormente alojadas en la Alcald\u00eda por el delito de \u201cAmenazas Calificadas\u201d.<\/p>\n","protected":false},"excerpt":{"rendered":"<p>Una joven denunci&oacute; que intentaron subirla a un auto por la fuerza en Paran&aacute;. El impactante hecho, se registr&oacute; en horas de la noche de este martes y tras la denuncia la Polic&iacute;a detuvo a tres personas. Desde la Polic&iacute;a se inform&oacute; a IMPACTO DE NOTICIAS, que personal de Comisar&iacute;a Novena se hizo presente tras [&hellip;]<\/p>\n","protected":false},"author":2,"featured_media":14817,"comment_status":"open","ping_status":"open","sticky":false,"template":"","format":"standard","meta":{"footnotes":""},"categories":[3,8],"tags":[68,138,1138,137,95,118,220],"class_list":["post-14816","post","type-post","status-publish","format-standard","has-post-thumbnail","hentry","category-locales","category-policiales","tag-denuncia","tag-detenidos","tag-intento","tag-joven","tag-parana","tag-policiales","tag-secuestro"],"_links":{"self":[{"href":"https:\/\/impactodenoticias.com.ar\/index.php?rest_route=\/wp\/v2\/posts\/14816","targetHints":{"allow":["GET"]}}],"collection":[{"href":"https:\/\/impactodenoticias.com.ar\/index.php?rest_route=\/wp\/v2\/posts"}],"about":[{"href":"https:\/\/impactodenoticias.com.ar\/index.php?rest_route=\/wp\/v2\/types\/post"}],"author":[{"embeddable":true,"href":"https:\/\/impactodenoticias.com.ar\/index.php?rest_route=\/wp\/v2\/users\/2"}],"replies":[{"embeddable":true,"href":"https:\/\/impactodenoticias.com.ar\/index.php?rest_route=%2Fwp%2Fv2%2Fcomments&post=14816"}],"version-history":[{"count":1,"href":"https:\/\/impactodenoticias.com.ar\/index.php?rest_route=\/wp\/v2\/posts\/14816\/revisions"}],"predecessor-version":[{"id":14818,"href":"https:\/\/impactodenoticias.com.ar\/index.php?rest_route=\/wp\/v2\/posts\/14816\/revisions\/14818"}],"wp:featuredmedia":[{"embeddable":true,"href":"https:\/\/impactodenoticias.com.ar\/index.php?rest_route=\/wp\/v2\/media\/14817"}],"wp:attachment":[{"href":"https:\/\/impactodenoticias.com.ar\/index.php?rest_route=%2Fwp%2Fv2%2Fmedia&parent=14816"}],"wp:term":[{"taxonomy":"category","embeddable":true,"href":"https:\/\/impactodenoticias.com.ar\/index.php?rest_route=%2Fwp%2Fv2%2Fcategories&post=14816"},{"taxonomy":"post_tag","embeddable":true,"href":"https:\/\/impactodenoticias.com.ar\/index.php?rest_route=%2Fwp%2Fv2%2Ftags&post=14816"}],"curies":[{"name":"wp","href":"https:\/\/api.w.org\/{rel}","templated":true}]}}