{"id":14830,"date":"2025-08-14T10:08:55","date_gmt":"2025-08-14T13:08:55","guid":{"rendered":"https:\/\/impactodenoticias.com.ar\/?p=14830"},"modified":"2025-08-14T10:08:55","modified_gmt":"2025-08-14T13:08:55","slug":"villa-elisa-un-detenido-y-varios-allanamientos-tras-robo-millonario","status":"publish","type":"post","link":"https:\/\/impactodenoticias.com.ar\/?p=14830","title":{"rendered":"Villa Elisa: un detenido y varios allanamientos tras robo millonario"},"content":{"rendered":"\n<h2 class=\"wp-block-heading\">Un importante hecho delictivo gener\u00f3 gran conmoci\u00f3n en Villa Elisa, cuando un productor local fue v\u00edctima del robo de una importante suma de dinero en su domicilio. Seg\u00fan indicaron desde la Polic\u00eda se trata de una suma cercana a los 17 millones de pesos.<\/h2>\n\n\n\n<p>Tras ardua investigaci\u00f3n, se llevaron a cabo dos allanamientos: uno en Villa Elisa y otro en San Jos\u00e9, departamento Col\u00f3n. Como resultado de los procedimientos, se arrest\u00f3 a una persona y se secuestr\u00f3 dinero en efectivo, un arma de fuego y al menos 100 gramos de coca\u00edna.<\/p>\n\n\n\n<p><\/p>\n\n\n\n<figure class=\"wp-block-image size-full\"><img loading=\"lazy\" decoding=\"async\" width=\"696\" height=\"621\" src=\"https:\/\/impactodenoticias.com.ar\/wp-content\/uploads\/2025\/08\/Secuestro-Dinero-Robo.webp\" alt=\"\" class=\"wp-image-14831\" srcset=\"https:\/\/impactodenoticias.com.ar\/wp-content\/uploads\/2025\/08\/Secuestro-Dinero-Robo.webp 696w, https:\/\/impactodenoticias.com.ar\/wp-content\/uploads\/2025\/08\/Secuestro-Dinero-Robo-300x268.webp 300w\" sizes=\"auto, (max-width: 696px) 100vw, 696px\" \/><\/figure>\n\n\n\n<p><\/p>\n\n\n\n<p>La causa est\u00e1 en manos de la fiscal Micaela Di Pretoro,los allanamientos fueron encabezados por el fiscal Alejandro Perroud.<\/p>\n","protected":false},"excerpt":{"rendered":"<p>Un importante hecho delictivo gener&oacute; gran conmoci&oacute;n en Villa Elisa, cuando un productor local fue v&iacute;ctima del robo de una importante suma de dinero en su domicilio. Seg&uacute;n indicaron desde la Polic&iacute;a se trata de una suma cercana a los 17 millones de pesos. Tras ardua investigaci&oacute;n, se llevaron a cabo dos allanamientos: uno en [&hellip;]<\/p>\n","protected":false},"author":2,"featured_media":14832,"comment_status":"closed","ping_status":"closed","sticky":false,"template":"","format":"standard","meta":{"footnotes":""},"categories":[8,4],"tags":[1136,175,118,147,390,494],"class_list":["post-14830","post","type-post","status-publish","format-standard","has-post-thumbnail","hentry","category-policiales","category-provinciales","tag-allanamientos","tag-detenido","tag-policiales","tag-robo","tag-san-jose","tag-villa-elisa"],"_links":{"self":[{"href":"https:\/\/impactodenoticias.com.ar\/index.php?rest_route=\/wp\/v2\/posts\/14830","targetHints":{"allow":["GET"]}}],"collection":[{"href":"https:\/\/impactodenoticias.com.ar\/index.php?rest_route=\/wp\/v2\/posts"}],"about":[{"href":"https:\/\/impactodenoticias.com.ar\/index.php?rest_route=\/wp\/v2\/types\/post"}],"author":[{"embeddable":true,"href":"https:\/\/impactodenoticias.com.ar\/index.php?rest_route=\/wp\/v2\/users\/2"}],"replies":[{"embeddable":true,"href":"https:\/\/impactodenoticias.com.ar\/index.php?rest_route=%2Fwp%2Fv2%2Fcomments&post=14830"}],"version-history":[{"count":1,"href":"https:\/\/impactodenoticias.com.ar\/index.php?rest_route=\/wp\/v2\/posts\/14830\/revisions"}],"predecessor-version":[{"id":14833,"href":"https:\/\/impactodenoticias.com.ar\/index.php?rest_route=\/wp\/v2\/posts\/14830\/revisions\/14833"}],"wp:featuredmedia":[{"embeddable":true,"href":"https:\/\/impactodenoticias.com.ar\/index.php?rest_route=\/wp\/v2\/media\/14832"}],"wp:attachment":[{"href":"https:\/\/impactodenoticias.com.ar\/index.php?rest_route=%2Fwp%2Fv2%2Fmedia&parent=14830"}],"wp:term":[{"taxonomy":"category","embeddable":true,"href":"https:\/\/impactodenoticias.com.ar\/index.php?rest_route=%2Fwp%2Fv2%2Fcategories&post=14830"},{"taxonomy":"post_tag","embeddable":true,"href":"https:\/\/impactodenoticias.com.ar\/index.php?rest_route=%2Fwp%2Fv2%2Ftags&post=14830"}],"curies":[{"name":"wp","href":"https:\/\/api.w.org\/{rel}","templated":true}]}}