{"id":14853,"date":"2025-08-15T10:37:10","date_gmt":"2025-08-15T13:37:10","guid":{"rendered":"https:\/\/impactodenoticias.com.ar\/?p=14853"},"modified":"2025-08-15T10:37:10","modified_gmt":"2025-08-15T13:37:10","slug":"urdinarrain-asaltaron-a-un-hombre-en-su-vivienda-y-se-alzaron-con-2-000-dolares-y-un-millon-de-pesos","status":"publish","type":"post","link":"https:\/\/impactodenoticias.com.ar\/?p=14853","title":{"rendered":"Urdinarrain: asaltaron a un hombre en su vivienda y se alzaron con 2.000 d\u00f3lares y un mill\u00f3n de pesos"},"content":{"rendered":"\n<h2 class=\"wp-block-heading\">Un hombre sufri\u00f3 el robo de 2.000 d\u00f3lares y un mill\u00f3n de pesos en su vivienda en Urdinarrain. La v\u00edctima tiene 77 a\u00f1os y padece una discapacidad motriz, lo que le impide moverse con facilidad. Los atacantes eran dos e ingresaron a su casa. Tras arduas investigaciones pudieron ubicarlos y est\u00e1n siendo buscando.<\/h2>\n\n\n\n<p>eg\u00fan se inform\u00f3, alrededor de las 19:20 del mi\u00e9rcoles, la Polic\u00eda de Urdinarrain recibi\u00f3 un llamado telef\u00f3nico alertando sobre un hecho delictivo sucedido en una casa ubicada en calle Urquiza 565.<\/p>\n\n\n\n<p>Al arribar al lugar, el personal policial entrevist\u00f3 al propietario, un hombre de 77 a\u00f1os con discapacidad motriz, quien se\u00f1al\u00f3 que aproximadamente a las 18:30, tras un golpe en la puerta \u2014que se encontraba sin medidas de seguridad\u2014 ingres\u00f3 un individuo vestido de ropa oscura ofreciendo productos a la venta.<\/p>\n\n\n\n<p>Poco despu\u00e9s, otro hombre encapuchado ingres\u00f3 a la vivienda. Mientras la v\u00edctima se encontraba en el comedor, este \u00faltimo le pidi\u00f3 que se apartara de la mesa y abri\u00f3 un caj\u00f3n, de donde sustrajo aproximadamente 2.000 d\u00f3lares y un mill\u00f3n de pesos argentinos. Una vez con el dinero en su poder, se retiraron del lugar caminando.<\/p>\n\n\n\n<p>De acuerdo a los dichos de la v\u00edctima, en el domicilio suelen presentarse vendedores ambulantes y, al comprarles, \u00e9l acostumbraba pagar dentro de la casa, por lo que estas personas podr\u00edan haber observado de d\u00f3nde guardaba el dinero.<\/p>\n\n\n\n<p>La Polic\u00eda revis\u00f3 las c\u00e1maras de seguridad de vecinos y del sistema de monitoreo local, y finalmente identificaron a los sospechosos y al veh\u00edculo en el que se movilizaban: un Volkswagen Suran gris con vidrios polarizados. El rodado fue visto saliendo de la ciudad minutos despu\u00e9s del hecho, tomando la Ruta Provincial 20 hacia el norte, en direcci\u00f3n a Gilbert.<\/p>\n\n\n\n<p>A trav\u00e9s del sistema de lectores de patentes en los accesos, se confirm\u00f3 el dominio del veh\u00edculo, cuyo titular reside en la provincia de Santa Fe, en la zona aleda\u00f1a a Rosario. La Direcci\u00f3n de Prevenci\u00f3n y Seguridad Vial, as\u00ed como los puestos camineros de la provincia, fueron alertados. La investigaci\u00f3n, que est\u00e1 en curso, se encuentra a cargo de la fiscal auxiliar Dra. Emilse Rivolier.<\/p>\n","protected":false},"excerpt":{"rendered":"<p>Un hombre sufri&oacute; el robo de 2.000 d&oacute;lares y un mill&oacute;n de pesos en su vivienda en Urdinarrain. La v&iacute;ctima tiene 77 a&ntilde;os y padece una discapacidad motriz, lo que le impide moverse con facilidad. Los atacantes eran dos e ingresaron a su casa. Tras arduas investigaciones pudieron ubicarlos y est&aacute;n siendo buscando. eg&uacute;n se [&hellip;]<\/p>\n","protected":false},"author":2,"featured_media":14854,"comment_status":"closed","ping_status":"closed","sticky":false,"template":"","format":"standard","meta":{"footnotes":""},"categories":[8,4],"tags":[118,147,1221],"class_list":["post-14853","post","type-post","status-publish","format-standard","has-post-thumbnail","hentry","category-policiales","category-provinciales","tag-policiales","tag-robo","tag-urdinarrain"],"_links":{"self":[{"href":"https:\/\/impactodenoticias.com.ar\/index.php?rest_route=\/wp\/v2\/posts\/14853","targetHints":{"allow":["GET"]}}],"collection":[{"href":"https:\/\/impactodenoticias.com.ar\/index.php?rest_route=\/wp\/v2\/posts"}],"about":[{"href":"https:\/\/impactodenoticias.com.ar\/index.php?rest_route=\/wp\/v2\/types\/post"}],"author":[{"embeddable":true,"href":"https:\/\/impactodenoticias.com.ar\/index.php?rest_route=\/wp\/v2\/users\/2"}],"replies":[{"embeddable":true,"href":"https:\/\/impactodenoticias.com.ar\/index.php?rest_route=%2Fwp%2Fv2%2Fcomments&post=14853"}],"version-history":[{"count":1,"href":"https:\/\/impactodenoticias.com.ar\/index.php?rest_route=\/wp\/v2\/posts\/14853\/revisions"}],"predecessor-version":[{"id":14855,"href":"https:\/\/impactodenoticias.com.ar\/index.php?rest_route=\/wp\/v2\/posts\/14853\/revisions\/14855"}],"wp:featuredmedia":[{"embeddable":true,"href":"https:\/\/impactodenoticias.com.ar\/index.php?rest_route=\/wp\/v2\/media\/14854"}],"wp:attachment":[{"href":"https:\/\/impactodenoticias.com.ar\/index.php?rest_route=%2Fwp%2Fv2%2Fmedia&parent=14853"}],"wp:term":[{"taxonomy":"category","embeddable":true,"href":"https:\/\/impactodenoticias.com.ar\/index.php?rest_route=%2Fwp%2Fv2%2Fcategories&post=14853"},{"taxonomy":"post_tag","embeddable":true,"href":"https:\/\/impactodenoticias.com.ar\/index.php?rest_route=%2Fwp%2Fv2%2Ftags&post=14853"}],"curies":[{"name":"wp","href":"https:\/\/api.w.org\/{rel}","templated":true}]}}