{"id":14876,"date":"2025-08-15T18:32:07","date_gmt":"2025-08-15T21:32:07","guid":{"rendered":"https:\/\/impactodenoticias.com.ar\/?p=14876"},"modified":"2025-08-15T18:32:08","modified_gmt":"2025-08-15T21:32:08","slug":"asalto-a-jubilado-en-urdinarrain-detuvieron-a-un-individio-sospechado-del-asalto-en-el-tunel-subfluvial","status":"publish","type":"post","link":"https:\/\/impactodenoticias.com.ar\/?p=14876","title":{"rendered":"Asalto a jubilado en Urdinarrain: detuvieron a un individio sospechado del asalto en el T\u00fanel Subfluvial"},"content":{"rendered":"\n<h2 class=\"wp-block-heading\">Un hombre fue interceptado al tratar de salir de la provincia de Entre R\u00edos con destino a Santa Fe en su veh\u00edculo, el cual fue secuestrado junto con dinero en efectivo y su celular, por disposici\u00f3n judicial. La medida se dispuso tras un robo contra un hombre de 77 a\u00f1os en Urdinarrain.<\/h2>\n\n\n\n<p>Seg\u00fan se inform\u00f3 a <strong>IMPACTO DE NOTICIAS<\/strong>, el operativo de detenci\u00f3n lo realiz\u00f3 personal de la Direcci\u00f3n de Prevenci\u00f3n y Seguridad Vial en el puesto T\u00fanel Subfluvial tras un alerta emitido desde Gualeguaych\u00fa. Los polic\u00edas detuvieron la marcha del veh\u00edculo conducido por un hombre de 36 a\u00f1os domiciliado en la ciudad de Rosario, en Santa Fe.<\/p>\n\n\n\n<p>La detenci\u00f3n se realiz\u00f3 a requerimiento de la Jefatura Departamental de Gualeguaych\u00fa, que se\u00f1al\u00f3 la posible participaci\u00f3n del conductor de una Suran en un hecho de robo en Urdinarrain. Los investigadores hab\u00edan pedido prestar atenci\u00f3n en los cruces Victoria- Rosario y t\u00fanel Subfluvial.<\/p>\n\n\n\n<p>La Fiscal Auxiliar de Gualeguaych\u00fa en turno, Emilce Rivollier, fue notificada del operativo y dispuso que se ejecutara la requisa del auto en busca de 2.000 d\u00f3lares y 1.000.000 de pesos.<\/p>\n\n\n\n<p>Tras unos minutos la requisa result\u00f3 positiva: se secuestr\u00f3 el autom\u00f3vil y se dio intervenci\u00f3n a la Divisi\u00f3n Sustracci\u00f3n de Automotores para verificar su autenticidad. En la requisa personal del conductor, se constat\u00f3 que pose\u00eda en sus prendas una suma de 613.500,00 pesos argentinos y 400 d\u00f3lares americanos.<\/p>\n\n\n\n<p><\/p>\n\n\n\n<figure class=\"wp-block-image size-full\"><img loading=\"lazy\" decoding=\"async\" width=\"770\" height=\"484\" src=\"https:\/\/impactodenoticias.com.ar\/wp-content\/uploads\/2025\/08\/Detenido-Sospechoso-Asalto-Urdinarrain-Jubilado.png\" alt=\"\" class=\"wp-image-14877\" srcset=\"https:\/\/impactodenoticias.com.ar\/wp-content\/uploads\/2025\/08\/Detenido-Sospechoso-Asalto-Urdinarrain-Jubilado.png 770w, https:\/\/impactodenoticias.com.ar\/wp-content\/uploads\/2025\/08\/Detenido-Sospechoso-Asalto-Urdinarrain-Jubilado-300x189.png 300w, https:\/\/impactodenoticias.com.ar\/wp-content\/uploads\/2025\/08\/Detenido-Sospechoso-Asalto-Urdinarrain-Jubilado-768x483.png 768w\" sizes=\"auto, (max-width: 770px) 100vw, 770px\" \/><\/figure>\n\n\n\n<p><\/p>\n\n\n\n<p>Se inform\u00f3 a la Fiscal interviniente que J.G.Ch no era la persona inicialmente buscada como autor del hecho en cuesti\u00f3n. Ante esta situaci\u00f3n, la fiscal solicit\u00f3, mediante exhorto, la intervenci\u00f3n del Juzgado de Garant\u00edas y Transici\u00f3n N\u00b0 2 de Gualeguaych\u00fa, a cargo de Ignacio Telenta. Dicho magistrado solicit\u00f3 la intervenci\u00f3n de Eduardo Ruhl, juez de Garant\u00edas de Paran\u00e1, quien dispuso mediante oficio judicial el secuestro del dinero en efectivo encontrado, el tel\u00e9fono celular particular del conductor y la detenci\u00f3n del mismo.<\/p>\n\n\n\n<p>J.G.Ch fue trasladado a la Alcaid\u00eda Contravencional de Gualeguaych\u00fa, a disposici\u00f3n de la magistratura local.<\/p>\n","protected":false},"excerpt":{"rendered":"<p>Un hombre fue interceptado al tratar de salir de la provincia de Entre R&iacute;os con destino a Santa Fe en su veh&iacute;culo, el cual fue secuestrado junto con dinero en efectivo y su celular, por disposici&oacute;n judicial. La medida se dispuso tras un robo contra un hombre de 77 a&ntilde;os en Urdinarrain. Seg&uacute;n se inform&oacute; [&hellip;]<\/p>\n","protected":false},"author":2,"featured_media":14878,"comment_status":"closed","ping_status":"closed","sticky":false,"template":"","format":"standard","meta":{"footnotes":""},"categories":[3,8],"tags":[1003,5692,95,147,2570,855,1221],"class_list":["post-14876","post","type-post","status-publish","format-standard","has-post-thumbnail","hentry","category-locales","category-policiales","tag-detencion","tag-jubilado","tag-parana","tag-robo","tag-sospechoso","tag-tunel-subfluvial","tag-urdinarrain"],"_links":{"self":[{"href":"https:\/\/impactodenoticias.com.ar\/index.php?rest_route=\/wp\/v2\/posts\/14876","targetHints":{"allow":["GET"]}}],"collection":[{"href":"https:\/\/impactodenoticias.com.ar\/index.php?rest_route=\/wp\/v2\/posts"}],"about":[{"href":"https:\/\/impactodenoticias.com.ar\/index.php?rest_route=\/wp\/v2\/types\/post"}],"author":[{"embeddable":true,"href":"https:\/\/impactodenoticias.com.ar\/index.php?rest_route=\/wp\/v2\/users\/2"}],"replies":[{"embeddable":true,"href":"https:\/\/impactodenoticias.com.ar\/index.php?rest_route=%2Fwp%2Fv2%2Fcomments&post=14876"}],"version-history":[{"count":1,"href":"https:\/\/impactodenoticias.com.ar\/index.php?rest_route=\/wp\/v2\/posts\/14876\/revisions"}],"predecessor-version":[{"id":14879,"href":"https:\/\/impactodenoticias.com.ar\/index.php?rest_route=\/wp\/v2\/posts\/14876\/revisions\/14879"}],"wp:featuredmedia":[{"embeddable":true,"href":"https:\/\/impactodenoticias.com.ar\/index.php?rest_route=\/wp\/v2\/media\/14878"}],"wp:attachment":[{"href":"https:\/\/impactodenoticias.com.ar\/index.php?rest_route=%2Fwp%2Fv2%2Fmedia&parent=14876"}],"wp:term":[{"taxonomy":"category","embeddable":true,"href":"https:\/\/impactodenoticias.com.ar\/index.php?rest_route=%2Fwp%2Fv2%2Fcategories&post=14876"},{"taxonomy":"post_tag","embeddable":true,"href":"https:\/\/impactodenoticias.com.ar\/index.php?rest_route=%2Fwp%2Fv2%2Ftags&post=14876"}],"curies":[{"name":"wp","href":"https:\/\/api.w.org\/{rel}","templated":true}]}}