{"id":14881,"date":"2025-08-16T08:57:37","date_gmt":"2025-08-16T11:57:37","guid":{"rendered":"https:\/\/impactodenoticias.com.ar\/?p=14881"},"modified":"2025-08-16T08:57:37","modified_gmt":"2025-08-16T11:57:37","slug":"hondo-pesar-por-la-muerte-de-un-joven-paranaense-en-espana","status":"publish","type":"post","link":"https:\/\/impactodenoticias.com.ar\/?p=14881","title":{"rendered":"Hondo pesar por la muerte de un joven paranaense en Espa\u00f1a"},"content":{"rendered":"\n<h2 class=\"wp-block-heading\">El tr\u00e1gico fallecimiento de Fernando Petenatti en Espa\u00f1a, donde resid\u00eda, provoc\u00f3 gran conmoci\u00f3n en Paran\u00e1 y en los espacios vinculados al Club Talleres.<\/h2>\n\n\n\n<p>El deceso del joven se produjo de forma tr\u00e1gica en el pa\u00eds europeo, seg\u00fan un informe del diario digital El Norte de Castilla.<\/p>\n\n\n\n<p>Las primeras investigaciones se\u00f1alan que el joven pudo sufrir una ca\u00edda con golpe en la cabeza. El hecho ocurri\u00f3 en la zona del r\u00edo Tera, a su paso por la localidad de Puebla de Sanabria. El joven no presentaba signos de violencia, por lo que las primeras investigaciones apuntan a que podr\u00edan tratarse de una ca\u00edda con golpe en la cabeza y ahogamiento.<\/p>\n\n\n\n<p>Luego de darse a conocer la noticia, en las redes sociales se vieron decenas de mensajes de despedida y condolencias.<\/p>\n\n\n\n<p>Fernando Petenatti era hermano de Alejandro, expresidente del Club Talleres de Paran\u00e1, y del abogado penalista Dami\u00e1n. La familia es ampliamente conocida y respetada en la zona.<\/p>\n\n\n\n<p><\/p>\n\n\n\n<figure class=\"wp-block-image size-full\"><img loading=\"lazy\" decoding=\"async\" width=\"674\" height=\"964\" src=\"https:\/\/impactodenoticias.com.ar\/wp-content\/uploads\/2025\/08\/Club-Talleres-de-Parana-Petenatti.webp\" alt=\"\" class=\"wp-image-14883\" srcset=\"https:\/\/impactodenoticias.com.ar\/wp-content\/uploads\/2025\/08\/Club-Talleres-de-Parana-Petenatti.webp 674w, https:\/\/impactodenoticias.com.ar\/wp-content\/uploads\/2025\/08\/Club-Talleres-de-Parana-Petenatti-210x300.webp 210w\" sizes=\"auto, (max-width: 674px) 100vw, 674px\" \/><\/figure>\n\n\n\n<p><\/p>\n\n\n\n<p>El Club Talleres de Paran\u00e1 emiti\u00f3 un comunicado oficial a trav\u00e9s de sus redes sociales, expresando sus condolencias y solidaridad con la familia Petenatti.<\/p>\n","protected":false},"excerpt":{"rendered":"<p>El tr&aacute;gico fallecimiento de Fernando Petenatti en Espa&ntilde;a, donde resid&iacute;a, provoc&oacute; gran conmoci&oacute;n en Paran&aacute; y en los espacios vinculados al Club Talleres. El deceso del joven se produjo de forma tr&aacute;gica en el pa&iacute;s europeo, seg&uacute;n un informe del diario digital El Norte de Castilla. Las primeras investigaciones se&ntilde;alan que el joven pudo sufrir [&hellip;]<\/p>\n","protected":false},"author":2,"featured_media":14882,"comment_status":"closed","ping_status":"closed","sticky":false,"template":"","format":"standard","meta":{"footnotes":""},"categories":[3,8],"tags":[5694,1440,5693,369],"class_list":["post-14881","post","type-post","status-publish","format-standard","has-post-thumbnail","hentry","category-locales","category-policiales","tag-club-talleres","tag-espana","tag-fernando-petenatti","tag-muerte"],"_links":{"self":[{"href":"https:\/\/impactodenoticias.com.ar\/index.php?rest_route=\/wp\/v2\/posts\/14881","targetHints":{"allow":["GET"]}}],"collection":[{"href":"https:\/\/impactodenoticias.com.ar\/index.php?rest_route=\/wp\/v2\/posts"}],"about":[{"href":"https:\/\/impactodenoticias.com.ar\/index.php?rest_route=\/wp\/v2\/types\/post"}],"author":[{"embeddable":true,"href":"https:\/\/impactodenoticias.com.ar\/index.php?rest_route=\/wp\/v2\/users\/2"}],"replies":[{"embeddable":true,"href":"https:\/\/impactodenoticias.com.ar\/index.php?rest_route=%2Fwp%2Fv2%2Fcomments&post=14881"}],"version-history":[{"count":1,"href":"https:\/\/impactodenoticias.com.ar\/index.php?rest_route=\/wp\/v2\/posts\/14881\/revisions"}],"predecessor-version":[{"id":14884,"href":"https:\/\/impactodenoticias.com.ar\/index.php?rest_route=\/wp\/v2\/posts\/14881\/revisions\/14884"}],"wp:featuredmedia":[{"embeddable":true,"href":"https:\/\/impactodenoticias.com.ar\/index.php?rest_route=\/wp\/v2\/media\/14882"}],"wp:attachment":[{"href":"https:\/\/impactodenoticias.com.ar\/index.php?rest_route=%2Fwp%2Fv2%2Fmedia&parent=14881"}],"wp:term":[{"taxonomy":"category","embeddable":true,"href":"https:\/\/impactodenoticias.com.ar\/index.php?rest_route=%2Fwp%2Fv2%2Fcategories&post=14881"},{"taxonomy":"post_tag","embeddable":true,"href":"https:\/\/impactodenoticias.com.ar\/index.php?rest_route=%2Fwp%2Fv2%2Ftags&post=14881"}],"curies":[{"name":"wp","href":"https:\/\/api.w.org\/{rel}","templated":true}]}}