{"id":14932,"date":"2025-08-18T17:00:26","date_gmt":"2025-08-18T20:00:26","guid":{"rendered":"https:\/\/impactodenoticias.com.ar\/?p=14932"},"modified":"2025-08-19T10:59:40","modified_gmt":"2025-08-19T13:59:40","slug":"guzman-y-maya-encabezaran-las-listas-junto-al-partido-socialista","status":"publish","type":"post","link":"https:\/\/impactodenoticias.com.ar\/?p=14932","title":{"rendered":"Guzm\u00e1n y Maya encabezar\u00e1n las listas junto al Partido Socialista"},"content":{"rendered":"\n<h2 class=\"wp-block-heading\">El Partido Socialista participar\u00e1 de las pr\u00f3ximas elecciones con lista propia, \u00abEntrerrianos Unidos\u00bb, con dos peronistas liderando, Gustavo Guzm\u00e1n como candidato a diputado nacional y H\u00e9ctor Maya a senador nacional.<\/h2>\n\n\n\n<p>Completan la lista Sof\u00eda Gan y Santiago Haddad para diputados y Fernanda Zanzberro para el senado.<\/p>\n\n\n\n<p>\u00abEl Partido Socialista\u00bb ha puesto a disposici\u00f3n su tradici\u00f3n democr\u00e1tica para dar origen a \u00b7Entrerrianos Unidos\u00b7, una nueva fueza plural y diversa que participar\u00e1 en las elecciones nacionales del pr\u00f3ximo mes de octubre\u00bb, expresan.<\/p>\n\n\n\n<p><strong>El comunicado completo<\/strong><\/p>\n\n\n\n<p><\/p>\n\n\n\n<figure class=\"wp-block-image size-full\"><img loading=\"lazy\" decoding=\"async\" width=\"720\" height=\"1017\" src=\"https:\/\/impactodenoticias.com.ar\/wp-content\/uploads\/2025\/08\/Partido-socialista.png\" alt=\"\" class=\"wp-image-14933\" srcset=\"https:\/\/impactodenoticias.com.ar\/wp-content\/uploads\/2025\/08\/Partido-socialista.png 720w, https:\/\/impactodenoticias.com.ar\/wp-content\/uploads\/2025\/08\/Partido-socialista-212x300.png 212w\" sizes=\"auto, (max-width: 720px) 100vw, 720px\" \/><\/figure>\n\n\n\n<p><\/p>\n","protected":false},"excerpt":{"rendered":"<p>El Partido Socialista participar&aacute; de las pr&oacute;ximas elecciones con lista propia, &laquo;Entrerrianos Unidos&raquo;, con dos peronistas liderando, Gustavo Guzm&aacute;n como candidato a diputado nacional y H&eacute;ctor Maya a senador nacional. Completan la lista Sof&iacute;a Gan y Santiago Haddad para diputados y Fernanda Zanzberro para el senado. &laquo;El Partido Socialista&raquo; ha puesto a disposici&oacute;n su tradici&oacute;n [&hellip;]<\/p>\n","protected":false},"author":2,"featured_media":14934,"comment_status":"closed","ping_status":"closed","sticky":false,"template":"","format":"standard","meta":{"footnotes":""},"categories":[11,4],"tags":[5319,5700,2186,5699],"class_list":["post-14932","post","type-post","status-publish","format-standard","has-post-thumbnail","hentry","category-politica","category-provinciales","tag-candidatos","tag-gustavo-guzman","tag-hector-maya","tag-partido-socialista"],"_links":{"self":[{"href":"https:\/\/impactodenoticias.com.ar\/index.php?rest_route=\/wp\/v2\/posts\/14932","targetHints":{"allow":["GET"]}}],"collection":[{"href":"https:\/\/impactodenoticias.com.ar\/index.php?rest_route=\/wp\/v2\/posts"}],"about":[{"href":"https:\/\/impactodenoticias.com.ar\/index.php?rest_route=\/wp\/v2\/types\/post"}],"author":[{"embeddable":true,"href":"https:\/\/impactodenoticias.com.ar\/index.php?rest_route=\/wp\/v2\/users\/2"}],"replies":[{"embeddable":true,"href":"https:\/\/impactodenoticias.com.ar\/index.php?rest_route=%2Fwp%2Fv2%2Fcomments&post=14932"}],"version-history":[{"count":1,"href":"https:\/\/impactodenoticias.com.ar\/index.php?rest_route=\/wp\/v2\/posts\/14932\/revisions"}],"predecessor-version":[{"id":14935,"href":"https:\/\/impactodenoticias.com.ar\/index.php?rest_route=\/wp\/v2\/posts\/14932\/revisions\/14935"}],"wp:featuredmedia":[{"embeddable":true,"href":"https:\/\/impactodenoticias.com.ar\/index.php?rest_route=\/wp\/v2\/media\/14934"}],"wp:attachment":[{"href":"https:\/\/impactodenoticias.com.ar\/index.php?rest_route=%2Fwp%2Fv2%2Fmedia&parent=14932"}],"wp:term":[{"taxonomy":"category","embeddable":true,"href":"https:\/\/impactodenoticias.com.ar\/index.php?rest_route=%2Fwp%2Fv2%2Fcategories&post=14932"},{"taxonomy":"post_tag","embeddable":true,"href":"https:\/\/impactodenoticias.com.ar\/index.php?rest_route=%2Fwp%2Fv2%2Ftags&post=14932"}],"curies":[{"name":"wp","href":"https:\/\/api.w.org\/{rel}","templated":true}]}}