{"id":14942,"date":"2025-08-18T17:27:07","date_gmt":"2025-08-18T20:27:07","guid":{"rendered":"https:\/\/impactodenoticias.com.ar\/?p=14942"},"modified":"2025-08-18T17:27:07","modified_gmt":"2025-08-18T20:27:07","slug":"un-hombre-fue-arrestado-tras-proferir-amenazas-al-intendente-azcue-y-resistencia-a-la-autoridad","status":"publish","type":"post","link":"https:\/\/impactodenoticias.com.ar\/?p=14942","title":{"rendered":"Un hombre fue arrestado tras proferir amenazas al intendente Azcu\u00e9 y resistencia a la autoridad"},"content":{"rendered":"\n<h2 class=\"wp-block-heading\">En horas de la noche del domingo, alrededor de las 21, Personal de Comisar\u00eda 4\u00b0 recibi\u00f3 un llamado desde el hospital Masvernat.<\/h2>\n\n\n\n<p>La llamado indicaba que el Intendente Francisco Azcue estaba siendo amenazado por un individuo en el estacionamiento del nosocomio. Personal policial se hizo presente en el lugar y observ\u00f3 al individuo insultando al mandatario municipal, Azcu\u00e9 baj\u00f3 de su veh\u00edculo y les comunic\u00f3 a los agentes que efectivamente estaba siendo amenazado por el sujeto.<\/p>\n\n\n\n<p>El sujetose dio a la fuga ingresando a un domicilio abandonado. En dicho lugar trat\u00f3 de golpear a los funcionarios policiales con una escalera y con golpes de pu\u00f1o. No obstante, fue r\u00e1pidamente reducido por el personal policial.<\/p>\n\n\n\n<p>La fiscal Daniela Montangie dispuso que el hombre sea detenido por resistencia a la autoridad y amenazas en perjuicio de Azcu\u00e9. Tambi\u00e9n orden\u00f3 que se realicen las actuaciones de rigor, y se entreviste a los testigos.<\/p>\n","protected":false},"excerpt":{"rendered":"<p>En horas de la noche del domingo, alrededor de las 21, Personal de Comisar&iacute;a 4&deg; recibi&oacute; un llamado desde el hospital Masvernat. La llamado indicaba que el Intendente Francisco Azcue estaba siendo amenazado por un individuo en el estacionamiento del nosocomio. Personal policial se hizo presente en el lugar y observ&oacute; al individuo insultando al [&hellip;]<\/p>\n","protected":false},"author":2,"featured_media":14943,"comment_status":"closed","ping_status":"closed","sticky":false,"template":"","format":"standard","meta":{"footnotes":""},"categories":[8,4],"tags":[1004,72,175,40],"class_list":["post-14942","post","type-post","status-publish","format-standard","has-post-thumbnail","hentry","category-policiales","category-provinciales","tag-amenazas","tag-concordia","tag-detenido","tag-francisco-azcue"],"_links":{"self":[{"href":"https:\/\/impactodenoticias.com.ar\/index.php?rest_route=\/wp\/v2\/posts\/14942","targetHints":{"allow":["GET"]}}],"collection":[{"href":"https:\/\/impactodenoticias.com.ar\/index.php?rest_route=\/wp\/v2\/posts"}],"about":[{"href":"https:\/\/impactodenoticias.com.ar\/index.php?rest_route=\/wp\/v2\/types\/post"}],"author":[{"embeddable":true,"href":"https:\/\/impactodenoticias.com.ar\/index.php?rest_route=\/wp\/v2\/users\/2"}],"replies":[{"embeddable":true,"href":"https:\/\/impactodenoticias.com.ar\/index.php?rest_route=%2Fwp%2Fv2%2Fcomments&post=14942"}],"version-history":[{"count":1,"href":"https:\/\/impactodenoticias.com.ar\/index.php?rest_route=\/wp\/v2\/posts\/14942\/revisions"}],"predecessor-version":[{"id":14944,"href":"https:\/\/impactodenoticias.com.ar\/index.php?rest_route=\/wp\/v2\/posts\/14942\/revisions\/14944"}],"wp:featuredmedia":[{"embeddable":true,"href":"https:\/\/impactodenoticias.com.ar\/index.php?rest_route=\/wp\/v2\/media\/14943"}],"wp:attachment":[{"href":"https:\/\/impactodenoticias.com.ar\/index.php?rest_route=%2Fwp%2Fv2%2Fmedia&parent=14942"}],"wp:term":[{"taxonomy":"category","embeddable":true,"href":"https:\/\/impactodenoticias.com.ar\/index.php?rest_route=%2Fwp%2Fv2%2Fcategories&post=14942"},{"taxonomy":"post_tag","embeddable":true,"href":"https:\/\/impactodenoticias.com.ar\/index.php?rest_route=%2Fwp%2Fv2%2Ftags&post=14942"}],"curies":[{"name":"wp","href":"https:\/\/api.w.org\/{rel}","templated":true}]}}