{"id":14957,"date":"2025-08-19T10:27:00","date_gmt":"2025-08-19T13:27:00","guid":{"rendered":"https:\/\/impactodenoticias.com.ar\/?p=14957"},"modified":"2025-08-19T10:27:02","modified_gmt":"2025-08-19T13:27:02","slug":"arrestaron-en-parana-a-un-violento-joven-por-agredir-a-su-pareja-en-barrio-los-arenales","status":"publish","type":"post","link":"https:\/\/impactodenoticias.com.ar\/?p=14957","title":{"rendered":"Arrestaron en Paran\u00e1 a un violento joven por agredir a su pareja en barrio Los Arenales"},"content":{"rendered":"\n<h2 class=\"wp-block-heading\">El personal policial de la Secci\u00f3n Guardia Especial de Paran\u00e1 intervino en barrio Los Arenales, en calle Surub\u00ed y La Palometa por una presunta situaci\u00f3n de violencia de g\u00e9nero.<\/h2>\n\n\n\n<p>En el lugar, se entrevist\u00f3 a una mujer de 32 a\u00f1os, domiciliada en la casa, quien se\u00f1al\u00f3 que su pareja, un hombre de 33 a\u00f1os, la agredi\u00f3 verbal y f\u00edsicamente en el interior de su domicilio.<\/p>\n\n\n\n<p>Al notar que ella llam\u00f3 al 911, el agresor se fue de la vivienda a pie, finalmente fue interceptado en calle El Moncholo, entre El Bigu\u00e1 y El Pac\u00fa.<\/p>\n\n\n\n<p>En comunicaci\u00f3n con la Unidad Fiscal de G\u00e9nero, a cargo de Bruno Gambino, se orden\u00f3 el traslado del detenido a Alcald\u00eda por el delito de Lesiones en Contexto de Violencia de G\u00e9nero.<\/p>\n","protected":false},"excerpt":{"rendered":"<p>El personal policial de la Secci&oacute;n Guardia Especial de Paran&aacute; intervino en barrio Los Arenales, en calle Surub&iacute; y La Palometa por una presunta situaci&oacute;n de violencia de g&eacute;nero. En el lugar, se entrevist&oacute; a una mujer de 32 a&ntilde;os, domiciliada en la casa, quien se&ntilde;al&oacute; que su pareja, un hombre de 33 a&ntilde;os, la [&hellip;]<\/p>\n","protected":false},"author":2,"featured_media":14958,"comment_status":"closed","ping_status":"closed","sticky":false,"template":"","format":"standard","meta":{"footnotes":""},"categories":[3,8],"tags":[1145,175,5709,95,953,118,376],"class_list":["post-14957","post","type-post","status-publish","format-standard","has-post-thumbnail","hentry","category-locales","category-policiales","tag-barrio","tag-detenido","tag-los-arenales","tag-parana","tag-pareja","tag-policiales","tag-violencia"],"_links":{"self":[{"href":"https:\/\/impactodenoticias.com.ar\/index.php?rest_route=\/wp\/v2\/posts\/14957","targetHints":{"allow":["GET"]}}],"collection":[{"href":"https:\/\/impactodenoticias.com.ar\/index.php?rest_route=\/wp\/v2\/posts"}],"about":[{"href":"https:\/\/impactodenoticias.com.ar\/index.php?rest_route=\/wp\/v2\/types\/post"}],"author":[{"embeddable":true,"href":"https:\/\/impactodenoticias.com.ar\/index.php?rest_route=\/wp\/v2\/users\/2"}],"replies":[{"embeddable":true,"href":"https:\/\/impactodenoticias.com.ar\/index.php?rest_route=%2Fwp%2Fv2%2Fcomments&post=14957"}],"version-history":[{"count":1,"href":"https:\/\/impactodenoticias.com.ar\/index.php?rest_route=\/wp\/v2\/posts\/14957\/revisions"}],"predecessor-version":[{"id":14959,"href":"https:\/\/impactodenoticias.com.ar\/index.php?rest_route=\/wp\/v2\/posts\/14957\/revisions\/14959"}],"wp:featuredmedia":[{"embeddable":true,"href":"https:\/\/impactodenoticias.com.ar\/index.php?rest_route=\/wp\/v2\/media\/14958"}],"wp:attachment":[{"href":"https:\/\/impactodenoticias.com.ar\/index.php?rest_route=%2Fwp%2Fv2%2Fmedia&parent=14957"}],"wp:term":[{"taxonomy":"category","embeddable":true,"href":"https:\/\/impactodenoticias.com.ar\/index.php?rest_route=%2Fwp%2Fv2%2Fcategories&post=14957"},{"taxonomy":"post_tag","embeddable":true,"href":"https:\/\/impactodenoticias.com.ar\/index.php?rest_route=%2Fwp%2Fv2%2Ftags&post=14957"}],"curies":[{"name":"wp","href":"https:\/\/api.w.org\/{rel}","templated":true}]}}