{"id":1508,"date":"2024-07-25T10:31:12","date_gmt":"2024-07-25T13:31:12","guid":{"rendered":"https:\/\/impactodenoticias.com.ar\/?p=1508"},"modified":"2024-07-25T10:31:13","modified_gmt":"2024-07-25T13:31:13","slug":"tragedia-en-bovril-murio-un-bebe-de-5-meses","status":"publish","type":"post","link":"https:\/\/impactodenoticias.com.ar\/?p=1508","title":{"rendered":"Tragedia en Bovril: muri\u00f3 un beb\u00e9 de 5 meses"},"content":{"rendered":"\n<p><strong>Falleci\u00f3 un beb\u00e9 de 5 meses tras sufrir broncoaspiraci\u00f3n. A la emergencia del Hospital San Miguel de Bovril lleg\u00f3 una mujer de 36 a\u00f1os, vecina de esa localidad, con el ni\u00f1o en brazos. El terrible hecho tuvo lugar pasado el mediod\u00eda de este mi\u00e9rcoles.<\/strong><\/p>\n\n\n\n<p>La guardia del nosocomio recibi\u00f3 al beb\u00e9 de 5 meses pero, al revisarlo, constataron que hab\u00eda perdido los signos vitales, el deceso seg\u00fan constataron se produjo en forma natural.<\/p>\n\n\n\n<p>Al entrevistar a la madre, en estado de shock, relat\u00f3 que a las 10:00 hab\u00eda dado la mamadera y luego acostado a su peque\u00f1o hijo boca abajo. Casi tres horas despu\u00e9s, al pretender alimentarlo nuevamente, la criatura no respond\u00eda.<\/p>\n\n\n\n<p>El episodio narrado es coincidente con el control m\u00e9dico, lo que se conoce como cuadro de \u201cbroncoaspiraci\u00f3n\u201d. Esta situaci\u00f3n m\u00e9dica se da al producirse el paso accidental de alimentos s\u00f3lidos o l\u00edquidos a las v\u00edas respiratorias, siendo una importante causa de mortalidad de infantes.<\/p>\n","protected":false},"excerpt":{"rendered":"<p>Falleci&oacute; un beb&eacute; de 5 meses tras sufrir broncoaspiraci&oacute;n. A la emergencia del Hospital San Miguel de Bovril lleg&oacute; una mujer de 36 a&ntilde;os, vecina de esa localidad, con el ni&ntilde;o en brazos. El terrible hecho tuvo lugar pasado el mediod&iacute;a de este mi&eacute;rcoles. La guardia del nosocomio recibi&oacute; al beb&eacute; de 5 meses pero, [&hellip;]<\/p>\n","protected":false},"author":2,"featured_media":1509,"comment_status":"open","ping_status":"open","sticky":false,"template":"","format":"standard","meta":{"footnotes":""},"categories":[8,4],"tags":[767,307,369,108],"class_list":["post-1508","post","type-post","status-publish","format-standard","has-post-thumbnail","hentry","category-policiales","category-provinciales","tag-bebe","tag-bovril","tag-muerte","tag-tragedia"],"_links":{"self":[{"href":"https:\/\/impactodenoticias.com.ar\/index.php?rest_route=\/wp\/v2\/posts\/1508","targetHints":{"allow":["GET"]}}],"collection":[{"href":"https:\/\/impactodenoticias.com.ar\/index.php?rest_route=\/wp\/v2\/posts"}],"about":[{"href":"https:\/\/impactodenoticias.com.ar\/index.php?rest_route=\/wp\/v2\/types\/post"}],"author":[{"embeddable":true,"href":"https:\/\/impactodenoticias.com.ar\/index.php?rest_route=\/wp\/v2\/users\/2"}],"replies":[{"embeddable":true,"href":"https:\/\/impactodenoticias.com.ar\/index.php?rest_route=%2Fwp%2Fv2%2Fcomments&post=1508"}],"version-history":[{"count":1,"href":"https:\/\/impactodenoticias.com.ar\/index.php?rest_route=\/wp\/v2\/posts\/1508\/revisions"}],"predecessor-version":[{"id":1510,"href":"https:\/\/impactodenoticias.com.ar\/index.php?rest_route=\/wp\/v2\/posts\/1508\/revisions\/1510"}],"wp:featuredmedia":[{"embeddable":true,"href":"https:\/\/impactodenoticias.com.ar\/index.php?rest_route=\/wp\/v2\/media\/1509"}],"wp:attachment":[{"href":"https:\/\/impactodenoticias.com.ar\/index.php?rest_route=%2Fwp%2Fv2%2Fmedia&parent=1508"}],"wp:term":[{"taxonomy":"category","embeddable":true,"href":"https:\/\/impactodenoticias.com.ar\/index.php?rest_route=%2Fwp%2Fv2%2Fcategories&post=1508"},{"taxonomy":"post_tag","embeddable":true,"href":"https:\/\/impactodenoticias.com.ar\/index.php?rest_route=%2Fwp%2Fv2%2Ftags&post=1508"}],"curies":[{"name":"wp","href":"https:\/\/api.w.org\/{rel}","templated":true}]}}