{"id":1565,"date":"2024-07-26T08:50:45","date_gmt":"2024-07-26T11:50:45","guid":{"rendered":"https:\/\/impactodenoticias.com.ar\/?p=1565"},"modified":"2024-07-26T08:50:46","modified_gmt":"2024-07-26T11:50:46","slug":"clima-en-entre-rios-se-terminan-los-dias-con-temperaturas-primaverales-se-pronostica-la-llegada-de-otra-ola-de-frio","status":"publish","type":"post","link":"https:\/\/impactodenoticias.com.ar\/?p=1565","title":{"rendered":"Clima en Entre R\u00edos: se terminan los d\u00edas con temperaturas primaverales. Se pronostica la llegada de otra ola de fr\u00edo"},"content":{"rendered":"\n<p><strong>Tras varios d\u00edas agradables, con temperaturas casi primaverales, se espera para la semana pr\u00f3xima una nueva ola de fr\u00edo que provocar\u00e1 un fuerte descenso de las marcas t\u00e9rmicas.<\/strong><\/p>\n\n\n\n<p>El Servicio Meteorol\u00f3gico Nacional \u2013SMN\u2013 informa la llegada de una nueva ola de fr\u00edo la semana pr\u00f3xima en Entre R\u00edos y la regi\u00f3n central de Argentina. El viento sur se har\u00e1 sentir, provocando fuerte descenso de temperaturas.<\/p>\n\n\n\n<p>Durante el fin de semana el clima se mantendr\u00e1 agradable en la provincia, con temperaturas m\u00e1ximas de hasta 19, 20 y 21 grados. Sin embargo desde el domingo y el lunes el viento sur provocar\u00e1 la llegada gradual de la nueva ola de fr\u00edo.<\/p>\n\n\n\n<p>El lunes y el martes ser\u00e1n los d\u00edas m\u00e1s fr\u00edos de la semana. En algunas localidades de la provincia se esperan temperaturas m\u00ednimas de hasta 2 y 3 grados. Mientras que las m\u00e1ximas se ubicar\u00e1n cerca de los 15 grados.<\/p>\n\n\n\n<p>La nubosidad ser\u00e1 variable durante estos d\u00edas. No hay anuncio de plluvias e inestabilidades<\/p>\n\n\n\n<p><strong>Clima en las ciudades entrerrianas<\/strong><\/p>\n\n\n\n<p>En Paran\u00e1, Diamante, Nogoy\u00e1, Villaguay y La Paz pronostican para el lunes una m\u00ednima de 6 grados y para el martes de 3 grados. La m\u00e1xima trepar\u00e1 s\u00f3lo a 15 grados.<\/p>\n\n\n\n<p><\/p>\n\n\n\n<figure class=\"wp-block-image size-full\"><img loading=\"lazy\" decoding=\"async\" width=\"638\" height=\"277\" src=\"https:\/\/impactodenoticias.com.ar\/wp-content\/uploads\/2024\/07\/scrnli_26_7_2024_8-33-54.png\" alt=\"\" class=\"wp-image-1566\" srcset=\"https:\/\/impactodenoticias.com.ar\/wp-content\/uploads\/2024\/07\/scrnli_26_7_2024_8-33-54.png 638w, https:\/\/impactodenoticias.com.ar\/wp-content\/uploads\/2024\/07\/scrnli_26_7_2024_8-33-54-300x130.png 300w\" sizes=\"auto, (max-width: 638px) 100vw, 638px\" \/><\/figure>\n\n\n\n<p><\/p>\n\n\n\n<p>Mientras que en Concordia, Federal, Federaci\u00f3n, Feliciano y San Salvador, pronostican m\u00ednimas de 6 grados el lunes y de 4 grados el martes. Tambi\u00e9n habr\u00e1 m\u00e1ximas de hasta 15 grados.<\/p>\n\n\n\n<p><\/p>\n\n\n\n<figure class=\"wp-block-image size-full\"><img loading=\"lazy\" decoding=\"async\" width=\"638\" height=\"279\" src=\"https:\/\/impactodenoticias.com.ar\/wp-content\/uploads\/2024\/07\/scrnli_26_7_2024_8-34-27.png\" alt=\"\" class=\"wp-image-1567\" srcset=\"https:\/\/impactodenoticias.com.ar\/wp-content\/uploads\/2024\/07\/scrnli_26_7_2024_8-34-27.png 638w, https:\/\/impactodenoticias.com.ar\/wp-content\/uploads\/2024\/07\/scrnli_26_7_2024_8-34-27-300x131.png 300w\" sizes=\"auto, (max-width: 638px) 100vw, 638px\" \/><\/figure>\n\n\n\n<p><\/p>\n\n\n\n<p>En Col\u00f3n, Uruguay, Gualeguaych\u00fa, Tala e Islas del Ibicuy anuncian 6 grados el domingo, 3 grados el lunes y 2 grados el martes. Habr\u00e1 m\u00e1ximas de entre 14 y 15 grados.<\/p>\n\n\n\n<p><\/p>\n\n\n\n<figure class=\"wp-block-image size-full\"><img loading=\"lazy\" decoding=\"async\" width=\"639\" height=\"264\" src=\"https:\/\/impactodenoticias.com.ar\/wp-content\/uploads\/2024\/07\/scrnli_26_7_2024_8-34-57.png\" alt=\"\" class=\"wp-image-1568\" srcset=\"https:\/\/impactodenoticias.com.ar\/wp-content\/uploads\/2024\/07\/scrnli_26_7_2024_8-34-57.png 639w, https:\/\/impactodenoticias.com.ar\/wp-content\/uploads\/2024\/07\/scrnli_26_7_2024_8-34-57-300x124.png 300w\" sizes=\"auto, (max-width: 639px) 100vw, 639px\" \/><\/figure>\n\n\n\n<p><\/p>\n\n\n\n<p>Mientras que en Victoria y Gualeguay anuncian 6 grados el domingo, 4 grados el lunes y 2 grados el martes. Del mismo modo, las m\u00e1ximas oscilar\u00e1n entre 14 y 15 grados esos d\u00edas.<\/p>\n\n\n\n<p><\/p>\n\n\n\n<figure class=\"wp-block-image size-full\"><img loading=\"lazy\" decoding=\"async\" width=\"638\" height=\"291\" src=\"https:\/\/impactodenoticias.com.ar\/wp-content\/uploads\/2024\/07\/scrnli_26_7_2024_8-49-02.png\" alt=\"\" class=\"wp-image-1569\" srcset=\"https:\/\/impactodenoticias.com.ar\/wp-content\/uploads\/2024\/07\/scrnli_26_7_2024_8-49-02.png 638w, https:\/\/impactodenoticias.com.ar\/wp-content\/uploads\/2024\/07\/scrnli_26_7_2024_8-49-02-300x137.png 300w\" sizes=\"auto, (max-width: 638px) 100vw, 638px\" \/><\/figure>\n","protected":false},"excerpt":{"rendered":"<p>Tras varios d&iacute;as agradables, con temperaturas casi primaverales, se espera para la semana pr&oacute;xima una nueva ola de fr&iacute;o que provocar&aacute; un fuerte descenso de las marcas t&eacute;rmicas. El Servicio Meteorol&oacute;gico Nacional &ndash;SMN&ndash; informa la llegada de una nueva ola de fr&iacute;o la semana pr&oacute;xima en Entre R&iacute;os y la regi&oacute;n central de Argentina. El [&hellip;]<\/p>\n","protected":false},"author":2,"featured_media":1570,"comment_status":"open","ping_status":"open","sticky":false,"template":"","format":"standard","meta":{"footnotes":""},"categories":[4,49],"tags":[38,33],"class_list":["post-1565","post","type-post","status-publish","format-standard","has-post-thumbnail","hentry","category-provinciales","category-sociedad","tag-clima","tag-entre-rios"],"_links":{"self":[{"href":"https:\/\/impactodenoticias.com.ar\/index.php?rest_route=\/wp\/v2\/posts\/1565","targetHints":{"allow":["GET"]}}],"collection":[{"href":"https:\/\/impactodenoticias.com.ar\/index.php?rest_route=\/wp\/v2\/posts"}],"about":[{"href":"https:\/\/impactodenoticias.com.ar\/index.php?rest_route=\/wp\/v2\/types\/post"}],"author":[{"embeddable":true,"href":"https:\/\/impactodenoticias.com.ar\/index.php?rest_route=\/wp\/v2\/users\/2"}],"replies":[{"embeddable":true,"href":"https:\/\/impactodenoticias.com.ar\/index.php?rest_route=%2Fwp%2Fv2%2Fcomments&post=1565"}],"version-history":[{"count":1,"href":"https:\/\/impactodenoticias.com.ar\/index.php?rest_route=\/wp\/v2\/posts\/1565\/revisions"}],"predecessor-version":[{"id":1571,"href":"https:\/\/impactodenoticias.com.ar\/index.php?rest_route=\/wp\/v2\/posts\/1565\/revisions\/1571"}],"wp:featuredmedia":[{"embeddable":true,"href":"https:\/\/impactodenoticias.com.ar\/index.php?rest_route=\/wp\/v2\/media\/1570"}],"wp:attachment":[{"href":"https:\/\/impactodenoticias.com.ar\/index.php?rest_route=%2Fwp%2Fv2%2Fmedia&parent=1565"}],"wp:term":[{"taxonomy":"category","embeddable":true,"href":"https:\/\/impactodenoticias.com.ar\/index.php?rest_route=%2Fwp%2Fv2%2Fcategories&post=1565"},{"taxonomy":"post_tag","embeddable":true,"href":"https:\/\/impactodenoticias.com.ar\/index.php?rest_route=%2Fwp%2Fv2%2Ftags&post=1565"}],"curies":[{"name":"wp","href":"https:\/\/api.w.org\/{rel}","templated":true}]}}