{"id":1573,"date":"2024-07-26T08:57:03","date_gmt":"2024-07-26T11:57:03","guid":{"rendered":"https:\/\/impactodenoticias.com.ar\/?p=1573"},"modified":"2024-07-26T08:57:05","modified_gmt":"2024-07-26T11:57:05","slug":"pelea-familiar-por-una-casa-en-parana-finalizo-con-un-detenido","status":"publish","type":"post","link":"https:\/\/impactodenoticias.com.ar\/?p=1573","title":{"rendered":"Pelea familiar por una casa en Paran\u00e1 finaliz\u00f3 con un detenido"},"content":{"rendered":"\n<p><strong>Un hombre de 70 a\u00f1os pele\u00f3 con su nieto en Paran\u00e1, tras la venta de una casa. Se produjo un fuerte enfrentamiento y tuvo que intervenir la Polic\u00eda.<\/strong><\/p>\n\n\n\n<p>Un joven termin\u00f3 detenido por la Polic\u00eda de Entre R\u00edos despu\u00e9s de pelear con su abuelo tras la venta de una casa familiar. El violento hecho sucedi\u00f3 en barrio Nueva Ciudad y el agresor fue puesto a disposici\u00f3n de la Justicia.<\/p>\n\n\n\n<p>Seg\u00fan se inform\u00f3 a <strong>IMPACTO DE NOTICIAS<\/strong>, personal de Comisaria 12 entrevist\u00f3 en el lugar a un hombre de 70 a\u00f1os, quien relat\u00f3 que se encontraba en su casa cuando lleg\u00f3 su nieto, de 22, quien se hab\u00eda enterado que hab\u00edan vendido la casa de la madre.<\/p>\n\n\n\n<p>Seg\u00fan lo manifestado por el hombre, la mujer vive en otra casa del mismo barrio. En este marco, el joven se ofusc\u00f3, comenz\u00f3 a discutir con su abuelo y lleg\u00f3 a amenazar con prender fuego la casa.<\/p>\n\n\n\n<p>Los efectivos procedieron a detener al joven y, por disposici\u00f3n del Fiscal en Turno, fue alojado en la Alcaid\u00eda de Tribunales por el delito de \u201cAmenazas en Flagrancia\u201d.<\/p>\n","protected":false},"excerpt":{"rendered":"<p>Un hombre de 70 a&ntilde;os pele&oacute; con su nieto en Paran&aacute;, tras la venta de una casa. Se produjo un fuerte enfrentamiento y tuvo que intervenir la Polic&iacute;a. Un joven termin&oacute; detenido por la Polic&iacute;a de Entre R&iacute;os despu&eacute;s de pelear con su abuelo tras la venta de una casa familiar. El violento hecho sucedi&oacute; [&hellip;]<\/p>\n","protected":false},"author":2,"featured_media":1574,"comment_status":"open","ping_status":"open","sticky":false,"template":"","format":"standard","meta":{"footnotes":""},"categories":[3,8],"tags":[563,377,95,429],"class_list":["post-1573","post","type-post","status-publish","format-standard","has-post-thumbnail","hentry","category-locales","category-policiales","tag-casa","tag-familiar","tag-parana","tag-pelea"],"_links":{"self":[{"href":"https:\/\/impactodenoticias.com.ar\/index.php?rest_route=\/wp\/v2\/posts\/1573","targetHints":{"allow":["GET"]}}],"collection":[{"href":"https:\/\/impactodenoticias.com.ar\/index.php?rest_route=\/wp\/v2\/posts"}],"about":[{"href":"https:\/\/impactodenoticias.com.ar\/index.php?rest_route=\/wp\/v2\/types\/post"}],"author":[{"embeddable":true,"href":"https:\/\/impactodenoticias.com.ar\/index.php?rest_route=\/wp\/v2\/users\/2"}],"replies":[{"embeddable":true,"href":"https:\/\/impactodenoticias.com.ar\/index.php?rest_route=%2Fwp%2Fv2%2Fcomments&post=1573"}],"version-history":[{"count":1,"href":"https:\/\/impactodenoticias.com.ar\/index.php?rest_route=\/wp\/v2\/posts\/1573\/revisions"}],"predecessor-version":[{"id":1575,"href":"https:\/\/impactodenoticias.com.ar\/index.php?rest_route=\/wp\/v2\/posts\/1573\/revisions\/1575"}],"wp:featuredmedia":[{"embeddable":true,"href":"https:\/\/impactodenoticias.com.ar\/index.php?rest_route=\/wp\/v2\/media\/1574"}],"wp:attachment":[{"href":"https:\/\/impactodenoticias.com.ar\/index.php?rest_route=%2Fwp%2Fv2%2Fmedia&parent=1573"}],"wp:term":[{"taxonomy":"category","embeddable":true,"href":"https:\/\/impactodenoticias.com.ar\/index.php?rest_route=%2Fwp%2Fv2%2Fcategories&post=1573"},{"taxonomy":"post_tag","embeddable":true,"href":"https:\/\/impactodenoticias.com.ar\/index.php?rest_route=%2Fwp%2Fv2%2Ftags&post=1573"}],"curies":[{"name":"wp","href":"https:\/\/api.w.org\/{rel}","templated":true}]}}