{"id":1609,"date":"2024-07-27T09:35:34","date_gmt":"2024-07-27T12:35:34","guid":{"rendered":"https:\/\/impactodenoticias.com.ar\/?p=1609"},"modified":"2024-07-27T09:35:35","modified_gmt":"2024-07-27T12:35:35","slug":"tiempo-en-entre-rios-este-sabado-se-presenta-despejado-y-con-una-maxima-de-21oc","status":"publish","type":"post","link":"https:\/\/impactodenoticias.com.ar\/?p=1609","title":{"rendered":"Tiempo en Entre R\u00edos: este s\u00e1bado se presenta despejado y con una m\u00e1xima de 21\u00baC"},"content":{"rendered":"\n<p><strong>El Servicio Meteorol\u00f3gico Nacional (SMN), pronostica que este s\u00e1bado la temperatura m\u00ednima ser\u00e1 de 6\u00baC y la m\u00e1xima alcanzar\u00e1 los 21\u00baC. A partir del domingo se espera un gradual descenso de las marcas t\u00e9rmicas.<\/strong><\/p>\n\n\n\n<p>El organismo nacional inform\u00f3 que este s\u00e1bado 27 de julio, se presentar\u00e1 soleado, con una temperatura m\u00ednima de 6\u00baC y una m\u00e1xima de 21\u00baC en la provincia de Entre R\u00edos.<\/p>\n\n\n\n<p>Sin embargo a partir del domingo se pronostica un descenso de temperatura: ma\u00f1ana se anticipa m\u00ednima de 7\u00baC y m\u00e1xima de 17\u00baC.<\/p>\n\n\n\n<p>Mientras que el lunes, la m\u00ednima ser\u00e1 de 5\u00baC y la m\u00e1xima de 14\u00baC, mientras que el martes la m\u00ednima ser\u00e1 de 3\u00baC y la m\u00e1xima de 16\u00baC. Se esperan d\u00edas algo nublados.<\/p>\n\n\n\n<p>Desde el mi\u00e9rcoles se anticipa un gradual nuevo ascenso de las temperaturas, con una m\u00ednima de 8\u00baC y m\u00e1xima de 21\u00baC para esa jornada. El jueves, se mantendr\u00e1 el ascenso de los registros t\u00e9rmicos ubic\u00e1ndose la m\u00ednima ser\u00e1 de 14\u00baC y la m\u00e1xima de 28\u00baC.<\/p>\n\n\n\n<p><strong>Temperatura en las principales ciudades entrerrianas<\/strong><\/p>\n\n\n\n<p><\/p>\n\n\n\n<figure class=\"wp-block-image size-full\"><img loading=\"lazy\" decoding=\"async\" width=\"682\" height=\"556\" src=\"https:\/\/impactodenoticias.com.ar\/wp-content\/uploads\/2024\/07\/scrnli_27_7_2024_9-26-17.png\" alt=\"\" class=\"wp-image-1610\" srcset=\"https:\/\/impactodenoticias.com.ar\/wp-content\/uploads\/2024\/07\/scrnli_27_7_2024_9-26-17.png 682w, https:\/\/impactodenoticias.com.ar\/wp-content\/uploads\/2024\/07\/scrnli_27_7_2024_9-26-17-300x245.png 300w\" sizes=\"auto, (max-width: 682px) 100vw, 682px\" \/><\/figure>\n","protected":false},"excerpt":{"rendered":"<p>El Servicio Meteorol&oacute;gico Nacional (SMN), pronostica que este s&aacute;bado la temperatura m&iacute;nima ser&aacute; de 6&ordm;C y la m&aacute;xima alcanzar&aacute; los 21&ordm;C. A partir del domingo se espera un gradual descenso de las marcas t&eacute;rmicas. El organismo nacional inform&oacute; que este s&aacute;bado 27 de julio, se presentar&aacute; soleado, con una temperatura m&iacute;nima de 6&ordm;C y una [&hellip;]<\/p>\n","protected":false},"author":2,"featured_media":1611,"comment_status":"open","ping_status":"open","sticky":false,"template":"","format":"standard","meta":{"footnotes":""},"categories":[4,49],"tags":[38,33],"class_list":["post-1609","post","type-post","status-publish","format-standard","has-post-thumbnail","hentry","category-provinciales","category-sociedad","tag-clima","tag-entre-rios"],"_links":{"self":[{"href":"https:\/\/impactodenoticias.com.ar\/index.php?rest_route=\/wp\/v2\/posts\/1609","targetHints":{"allow":["GET"]}}],"collection":[{"href":"https:\/\/impactodenoticias.com.ar\/index.php?rest_route=\/wp\/v2\/posts"}],"about":[{"href":"https:\/\/impactodenoticias.com.ar\/index.php?rest_route=\/wp\/v2\/types\/post"}],"author":[{"embeddable":true,"href":"https:\/\/impactodenoticias.com.ar\/index.php?rest_route=\/wp\/v2\/users\/2"}],"replies":[{"embeddable":true,"href":"https:\/\/impactodenoticias.com.ar\/index.php?rest_route=%2Fwp%2Fv2%2Fcomments&post=1609"}],"version-history":[{"count":1,"href":"https:\/\/impactodenoticias.com.ar\/index.php?rest_route=\/wp\/v2\/posts\/1609\/revisions"}],"predecessor-version":[{"id":1612,"href":"https:\/\/impactodenoticias.com.ar\/index.php?rest_route=\/wp\/v2\/posts\/1609\/revisions\/1612"}],"wp:featuredmedia":[{"embeddable":true,"href":"https:\/\/impactodenoticias.com.ar\/index.php?rest_route=\/wp\/v2\/media\/1611"}],"wp:attachment":[{"href":"https:\/\/impactodenoticias.com.ar\/index.php?rest_route=%2Fwp%2Fv2%2Fmedia&parent=1609"}],"wp:term":[{"taxonomy":"category","embeddable":true,"href":"https:\/\/impactodenoticias.com.ar\/index.php?rest_route=%2Fwp%2Fv2%2Fcategories&post=1609"},{"taxonomy":"post_tag","embeddable":true,"href":"https:\/\/impactodenoticias.com.ar\/index.php?rest_route=%2Fwp%2Fv2%2Ftags&post=1609"}],"curies":[{"name":"wp","href":"https:\/\/api.w.org\/{rel}","templated":true}]}}