{"id":1613,"date":"2024-07-27T09:45:27","date_gmt":"2024-07-27T12:45:27","guid":{"rendered":"https:\/\/impactodenoticias.com.ar\/?p=1613"},"modified":"2024-07-27T09:45:28","modified_gmt":"2024-07-27T12:45:28","slug":"tragedia-vial-en-entre-rios-siniestro-vial-en-ruta-12-dejo-como-saldo-un-nino-fallecido-y-sus-padres-en-grave-estado","status":"publish","type":"post","link":"https:\/\/impactodenoticias.com.ar\/?p=1613","title":{"rendered":"Tragedia vial en Entre R\u00edos: siniestro vial en Ruta 12 dej\u00f3 como saldo un ni\u00f1o fallecido y sus padres en grave estado"},"content":{"rendered":"\n<p><strong>El fatal accidente vial, se produjo en Ruta Nacional 12 este viernes. Fuentes policiales confirmaron que por razones que se tratan de establecer, el veh\u00edculo volc\u00f3 violentamente a 500 metros del ingreso a General Ram\u00edrez.<\/strong><\/p>\n\n\n\n<p>Un tr\u00e1gico accidente vial sucedi\u00f3 este viernes a las 20:30 en la Ruta 12, a la altura de General Ram\u00edrez. Una familia oriunda de Segu\u00ed que viajaba en un veh\u00edculo Volkswagen Gol sufri\u00f3 un grave siniestro vial, resultando la muerte de un ni\u00f1o de 5 a\u00f1os de edad.<\/p>\n\n\n\n<p>El comisario principal de General Ram\u00edrez, Luis Arias , precis\u00f3 \u201cpor razones que se est\u00e1n tratando de establecer, volcaron a 500 metros del ingreso a la ciudad\u201d, y acot\u00f3 que \u00ablamentablemente, en el accidente falleci\u00f3 un menor de cinco a\u00f1os. Sus padres, ambos de aproximadamente 30 a\u00f1os, fueron trasladados a Paran\u00e1 y se encuentran en estado reservado\u00bb.<\/p>\n\n\n\n<p>En el lugar trabajaron efectivos de la Jefatura Departamental de Diamante y personal de Criminal\u00edstica. Adem\u00e1s se hicieron presentes el equipo m\u00e9dico del hospital \u00abNuestra Se\u00f1ora del Lujan\u201d y los Bomberos Voluntarios de General Ram\u00edrez.<\/p>\n","protected":false},"excerpt":{"rendered":"<p>El fatal accidente vial, se produjo en Ruta Nacional 12 este viernes. Fuentes policiales confirmaron que por razones que se tratan de establecer, el veh&iacute;culo volc&oacute; violentamente a 500 metros del ingreso a General Ram&iacute;rez. Un tr&aacute;gico accidente vial sucedi&oacute; este viernes a las 20:30 en la Ruta 12, a la altura de General Ram&iacute;rez. [&hellip;]<\/p>\n","protected":false},"author":2,"featured_media":1614,"comment_status":"open","ping_status":"open","sticky":false,"template":"","format":"standard","meta":{"footnotes":""},"categories":[8,4],"tags":[33,293,108,189,336],"class_list":["post-1613","post","type-post","status-publish","format-standard","has-post-thumbnail","hentry","category-policiales","category-provinciales","tag-entre-rios","tag-ruta-12","tag-tragedia","tag-vial","tag-vuelco"],"_links":{"self":[{"href":"https:\/\/impactodenoticias.com.ar\/index.php?rest_route=\/wp\/v2\/posts\/1613","targetHints":{"allow":["GET"]}}],"collection":[{"href":"https:\/\/impactodenoticias.com.ar\/index.php?rest_route=\/wp\/v2\/posts"}],"about":[{"href":"https:\/\/impactodenoticias.com.ar\/index.php?rest_route=\/wp\/v2\/types\/post"}],"author":[{"embeddable":true,"href":"https:\/\/impactodenoticias.com.ar\/index.php?rest_route=\/wp\/v2\/users\/2"}],"replies":[{"embeddable":true,"href":"https:\/\/impactodenoticias.com.ar\/index.php?rest_route=%2Fwp%2Fv2%2Fcomments&post=1613"}],"version-history":[{"count":1,"href":"https:\/\/impactodenoticias.com.ar\/index.php?rest_route=\/wp\/v2\/posts\/1613\/revisions"}],"predecessor-version":[{"id":1615,"href":"https:\/\/impactodenoticias.com.ar\/index.php?rest_route=\/wp\/v2\/posts\/1613\/revisions\/1615"}],"wp:featuredmedia":[{"embeddable":true,"href":"https:\/\/impactodenoticias.com.ar\/index.php?rest_route=\/wp\/v2\/media\/1614"}],"wp:attachment":[{"href":"https:\/\/impactodenoticias.com.ar\/index.php?rest_route=%2Fwp%2Fv2%2Fmedia&parent=1613"}],"wp:term":[{"taxonomy":"category","embeddable":true,"href":"https:\/\/impactodenoticias.com.ar\/index.php?rest_route=%2Fwp%2Fv2%2Fcategories&post=1613"},{"taxonomy":"post_tag","embeddable":true,"href":"https:\/\/impactodenoticias.com.ar\/index.php?rest_route=%2Fwp%2Fv2%2Ftags&post=1613"}],"curies":[{"name":"wp","href":"https:\/\/api.w.org\/{rel}","templated":true}]}}