{"id":1623,"date":"2024-07-27T11:52:41","date_gmt":"2024-07-27T14:52:41","guid":{"rendered":"https:\/\/impactodenoticias.com.ar\/?p=1623"},"modified":"2024-07-27T12:01:55","modified_gmt":"2024-07-27T15:01:55","slug":"murio-un-hombre-joven-tras-un-incendio-en-concordia-investigan-un-posible-homicidio","status":"publish","type":"post","link":"https:\/\/impactodenoticias.com.ar\/?p=1623","title":{"rendered":"Muri\u00f3 un hombre joven tras un incendio en Concordia. Investigan un posible homicidio"},"content":{"rendered":"\n<p><strong>Hallaron muerto a un hombre joven en una vivienda precaria que fue consumida por las llamas. El hecho se produjo este s\u00e1bado en el barrio Pampa Soler de la ciudad de Concordia.<\/strong><\/p>\n\n\n\n<p>Vecinos llamaron a los bomberos alertados por las llamas. R\u00e1pidamente se hizo presente la Polic\u00eda, y se encontraron con el cuerpo de la v\u00edctima, identificada como Mauricio Rocha, de 33 a\u00f1os.<\/p>\n\n\n\n<p>El lamentable hecho sucedi\u00f3 entre las 5 y 7 de la ma\u00f1ana en un domicilio de calle P\u00fablica 3 a escasos metros con calle Entre R\u00edos.<\/p>\n\n\n\n<p>Las autoridades policiales y judiciales iniciaron una investigaci\u00f3n ya que la persona fallecida tendr\u00eda un corte en la zona de la nuca. Podr\u00eda tratarse de un homicidio, se\u00f1alaron fuentes policiales.<\/p>\n\n\n\n<p>Los investigadores buscan determinar mediante las pericias c\u00f3mo se inici\u00f3 el foco \u00edgneo que consumi\u00f3 la vivienda precaria.<\/p>\n","protected":false},"excerpt":{"rendered":"<p>Hallaron muerto a un hombre joven en una vivienda precaria que fue consumida por las llamas. El hecho se produjo este s&aacute;bado en el barrio Pampa Soler de la ciudad de Concordia. Vecinos llamaron a los bomberos alertados por las llamas. R&aacute;pidamente se hizo presente la Polic&iacute;a, y se encontraron con el cuerpo de la [&hellip;]<\/p>\n","protected":false},"author":2,"featured_media":1624,"comment_status":"open","ping_status":"open","sticky":false,"template":"","format":"standard","meta":{"footnotes":""},"categories":[8,4],"tags":[72,227,457,366],"class_list":["post-1623","post","type-post","status-publish","format-standard","has-post-thumbnail","hentry","category-policiales","category-provinciales","tag-concordia","tag-incendio","tag-muerto","tag-vivienda"],"_links":{"self":[{"href":"https:\/\/impactodenoticias.com.ar\/index.php?rest_route=\/wp\/v2\/posts\/1623","targetHints":{"allow":["GET"]}}],"collection":[{"href":"https:\/\/impactodenoticias.com.ar\/index.php?rest_route=\/wp\/v2\/posts"}],"about":[{"href":"https:\/\/impactodenoticias.com.ar\/index.php?rest_route=\/wp\/v2\/types\/post"}],"author":[{"embeddable":true,"href":"https:\/\/impactodenoticias.com.ar\/index.php?rest_route=\/wp\/v2\/users\/2"}],"replies":[{"embeddable":true,"href":"https:\/\/impactodenoticias.com.ar\/index.php?rest_route=%2Fwp%2Fv2%2Fcomments&post=1623"}],"version-history":[{"count":1,"href":"https:\/\/impactodenoticias.com.ar\/index.php?rest_route=\/wp\/v2\/posts\/1623\/revisions"}],"predecessor-version":[{"id":1625,"href":"https:\/\/impactodenoticias.com.ar\/index.php?rest_route=\/wp\/v2\/posts\/1623\/revisions\/1625"}],"wp:featuredmedia":[{"embeddable":true,"href":"https:\/\/impactodenoticias.com.ar\/index.php?rest_route=\/wp\/v2\/media\/1624"}],"wp:attachment":[{"href":"https:\/\/impactodenoticias.com.ar\/index.php?rest_route=%2Fwp%2Fv2%2Fmedia&parent=1623"}],"wp:term":[{"taxonomy":"category","embeddable":true,"href":"https:\/\/impactodenoticias.com.ar\/index.php?rest_route=%2Fwp%2Fv2%2Fcategories&post=1623"},{"taxonomy":"post_tag","embeddable":true,"href":"https:\/\/impactodenoticias.com.ar\/index.php?rest_route=%2Fwp%2Fv2%2Ftags&post=1623"}],"curies":[{"name":"wp","href":"https:\/\/api.w.org\/{rel}","templated":true}]}}