{"id":1626,"date":"2024-07-27T12:04:58","date_gmt":"2024-07-27T15:04:58","guid":{"rendered":"https:\/\/impactodenoticias.com.ar\/?p=1626"},"modified":"2024-07-27T12:04:59","modified_gmt":"2024-07-27T15:04:59","slug":"despiden-con-hondo-pesar-al-nino-fallecido-en-tragico-vuelco-en-general-ramirez","status":"publish","type":"post","link":"https:\/\/impactodenoticias.com.ar\/?p=1626","title":{"rendered":"Despiden con hondo pesar al ni\u00f1o fallecido en tr\u00e1gico vuelco en General Ram\u00edrez"},"content":{"rendered":"\n<p><strong>El ni\u00f1o de Segu\u00ed fallecido tras un violento vuelco fatal en Ruta 12 fue identificado como Raian Tom\u00e1s Cardenal Mart\u00ednez. Ten\u00eda tan s\u00f3lo 5 a\u00f1os y su fallecimiento gener\u00f3 conmoci\u00f3n en la localidad.<\/strong><\/p>\n\n\n\n<p>Desde la Escuela N\u00b061 Facundo Zuvir\u00eda de Segu\u00ed manifestaron su pesar a trav\u00e9s de las redes sociales. \u201cAcompa\u00f1amos a familiares y allegados en este dif\u00edcil momento\u201d, expresaron.<\/p>\n\n\n\n<p><\/p>\n\n\n\n<figure class=\"wp-block-image size-full\"><img loading=\"lazy\" decoding=\"async\" width=\"610\" height=\"381\" src=\"https:\/\/impactodenoticias.com.ar\/wp-content\/uploads\/2024\/07\/scrnli_27_7_2024_11-56-05.png\" alt=\"\" class=\"wp-image-1627\" srcset=\"https:\/\/impactodenoticias.com.ar\/wp-content\/uploads\/2024\/07\/scrnli_27_7_2024_11-56-05.png 610w, https:\/\/impactodenoticias.com.ar\/wp-content\/uploads\/2024\/07\/scrnli_27_7_2024_11-56-05-300x187.png 300w\" sizes=\"auto, (max-width: 610px) 100vw, 610px\" \/><\/figure>\n\n\n\n<p><\/p>\n\n\n\n<p>Sus restos ser\u00e1n velados este s\u00e1bado en el Sal\u00f3n Municipal de Segu\u00ed.<\/p>\n\n\n\n<p><strong>El accidente vial<\/strong><\/p>\n\n\n\n<p>La tragedia se produjo este viernes, a las 20.00, en la Ruta Nacional N\u00ba 12, en inmediaciones del acceso a General Ram\u00edrez.<\/p>\n\n\n\n<p>El siniestro vial fue protagonizado por una familia que se conduc\u00eda en un Volkswagen Gol, todos oriundos de la localidad de Segu\u00ed. El veh\u00edculo era conducido por un padre joven de 29 a\u00f1os, quien sufri\u00f3 graves heridas y fue trasladado al hospital San Mart\u00edn de Paran\u00e1, junto a su pareja, de 25 a\u00f1os debido a las heridas sufridas por ambos.<\/p>\n\n\n\n<p>La Polic\u00eda junto a la Justicia avanzan en las pericias correspondientes para determinar c\u00f3mo ocurri\u00f3 el siniestro vial fatal.<\/p>\n","protected":false},"excerpt":{"rendered":"<p>El ni&ntilde;o de Segu&iacute; fallecido tras un violento vuelco fatal en Ruta 12 fue identificado como Raian Tom&aacute;s Cardenal Mart&iacute;nez. Ten&iacute;a tan s&oacute;lo 5 a&ntilde;os y su fallecimiento gener&oacute; conmoci&oacute;n en la localidad. Desde la Escuela N&deg;61 Facundo Zuvir&iacute;a de Segu&iacute; manifestaron su pesar a trav&eacute;s de las redes sociales. &ldquo;Acompa&ntilde;amos a familiares y allegados [&hellip;]<\/p>\n","protected":false},"author":2,"featured_media":1614,"comment_status":"open","ping_status":"open","sticky":false,"template":"","format":"standard","meta":{"footnotes":""},"categories":[8,4],"tags":[120,826,640,503,827,824],"class_list":["post-1626","post","type-post","status-publish","format-standard","has-post-thumbnail","hentry","category-policiales","category-provinciales","tag-accidente","tag-general-ramirez-2","tag-muere","tag-nino","tag-raian-tomas-cardenal-martinez","tag-segui"],"_links":{"self":[{"href":"https:\/\/impactodenoticias.com.ar\/index.php?rest_route=\/wp\/v2\/posts\/1626","targetHints":{"allow":["GET"]}}],"collection":[{"href":"https:\/\/impactodenoticias.com.ar\/index.php?rest_route=\/wp\/v2\/posts"}],"about":[{"href":"https:\/\/impactodenoticias.com.ar\/index.php?rest_route=\/wp\/v2\/types\/post"}],"author":[{"embeddable":true,"href":"https:\/\/impactodenoticias.com.ar\/index.php?rest_route=\/wp\/v2\/users\/2"}],"replies":[{"embeddable":true,"href":"https:\/\/impactodenoticias.com.ar\/index.php?rest_route=%2Fwp%2Fv2%2Fcomments&post=1626"}],"version-history":[{"count":1,"href":"https:\/\/impactodenoticias.com.ar\/index.php?rest_route=\/wp\/v2\/posts\/1626\/revisions"}],"predecessor-version":[{"id":1629,"href":"https:\/\/impactodenoticias.com.ar\/index.php?rest_route=\/wp\/v2\/posts\/1626\/revisions\/1629"}],"wp:featuredmedia":[{"embeddable":true,"href":"https:\/\/impactodenoticias.com.ar\/index.php?rest_route=\/wp\/v2\/media\/1614"}],"wp:attachment":[{"href":"https:\/\/impactodenoticias.com.ar\/index.php?rest_route=%2Fwp%2Fv2%2Fmedia&parent=1626"}],"wp:term":[{"taxonomy":"category","embeddable":true,"href":"https:\/\/impactodenoticias.com.ar\/index.php?rest_route=%2Fwp%2Fv2%2Fcategories&post=1626"},{"taxonomy":"post_tag","embeddable":true,"href":"https:\/\/impactodenoticias.com.ar\/index.php?rest_route=%2Fwp%2Fv2%2Ftags&post=1626"}],"curies":[{"name":"wp","href":"https:\/\/api.w.org\/{rel}","templated":true}]}}