{"id":1664,"date":"2024-07-29T11:07:55","date_gmt":"2024-07-29T14:07:55","guid":{"rendered":"https:\/\/impactodenoticias.com.ar\/?p=1664"},"modified":"2024-07-29T11:07:56","modified_gmt":"2024-07-29T14:07:56","slug":"buscan-en-el-rio-a-un-joven-que-lleva-una-semana-desaparecido-en-chajari","status":"publish","type":"post","link":"https:\/\/impactodenoticias.com.ar\/?p=1664","title":{"rendered":"Buscan en el r\u00edo a un joven que lleva una semana desaparecido en Chajar\u00ed"},"content":{"rendered":"\n<p><strong>Fernando P\u00e9rez tiene 24 a\u00f1os y hace una semana se encuentra desaparecido en Chajar\u00ed. Efectivos fuerzas combinadas ampl\u00edan los operativos.<\/strong><\/p>\n\n\n\n<p>Contin\u00faa la b\u00fasqueda de Fernando P\u00e9rez, un joven de 24 a\u00f1os que fue visto por \u00faltima vez el lunes 22 de julio cuando abandon\u00f3 su casa en calle Chaco de Chajar\u00ed, departamento Federaci\u00f3n. La Polic\u00eda de Entre R\u00edos y Prefectura Naval Argentina llevan a cabo rastrillajes por tierra y agua.<\/p>\n\n\n\n<p><\/p>\n\n\n\n<figure class=\"wp-block-image size-large\"><img loading=\"lazy\" decoding=\"async\" width=\"1024\" height=\"607\" src=\"https:\/\/impactodenoticias.com.ar\/wp-content\/uploads\/2024\/07\/WhatsApp-Image-2024-07-27-at-10.39.04-1170x694-1-1024x607.jpeg\" alt=\"\" class=\"wp-image-1665\" srcset=\"https:\/\/impactodenoticias.com.ar\/wp-content\/uploads\/2024\/07\/WhatsApp-Image-2024-07-27-at-10.39.04-1170x694-1-1024x607.jpeg 1024w, https:\/\/impactodenoticias.com.ar\/wp-content\/uploads\/2024\/07\/WhatsApp-Image-2024-07-27-at-10.39.04-1170x694-1-300x178.jpeg 300w, https:\/\/impactodenoticias.com.ar\/wp-content\/uploads\/2024\/07\/WhatsApp-Image-2024-07-27-at-10.39.04-1170x694-1-768x456.jpeg 768w, https:\/\/impactodenoticias.com.ar\/wp-content\/uploads\/2024\/07\/WhatsApp-Image-2024-07-27-at-10.39.04-1170x694-1.jpeg 1170w\" sizes=\"auto, (max-width: 1024px) 100vw, 1024px\" \/><\/figure>\n\n\n\n<p><\/p>\n\n\n\n<p>De acuerdo a la informaci\u00f3n brindada por medios locales, este lunes comenzar\u00edan los trabajos con los buzos t\u00e1cticos y se ampliar\u00e1n las zonas de b\u00fasqueda. El despliegue policial incluy\u00f3 canes de rastreo y personal policial de diferentes reparticiones.<\/p>\n","protected":false},"excerpt":{"rendered":"<p>Fernando P&eacute;rez tiene 24 a&ntilde;os y hace una semana se encuentra desaparecido en Chajar&iacute;. Efectivos fuerzas combinadas ampl&iacute;an los operativos. Contin&uacute;a la b&uacute;squeda de Fernando P&eacute;rez, un joven de 24 a&ntilde;os que fue visto por &uacute;ltima vez el lunes 22 de julio cuando abandon&oacute; su casa en calle Chaco de Chajar&iacute;, departamento Federaci&oacute;n. La Polic&iacute;a [&hellip;]<\/p>\n","protected":false},"author":2,"featured_media":1666,"comment_status":"open","ping_status":"open","sticky":false,"template":"","format":"standard","meta":{"footnotes":""},"categories":[8,4],"tags":[251,211,843],"class_list":["post-1664","post","type-post","status-publish","format-standard","has-post-thumbnail","hentry","category-policiales","category-provinciales","tag-busqueda","tag-chajari","tag-fernando-perez"],"_links":{"self":[{"href":"https:\/\/impactodenoticias.com.ar\/index.php?rest_route=\/wp\/v2\/posts\/1664","targetHints":{"allow":["GET"]}}],"collection":[{"href":"https:\/\/impactodenoticias.com.ar\/index.php?rest_route=\/wp\/v2\/posts"}],"about":[{"href":"https:\/\/impactodenoticias.com.ar\/index.php?rest_route=\/wp\/v2\/types\/post"}],"author":[{"embeddable":true,"href":"https:\/\/impactodenoticias.com.ar\/index.php?rest_route=\/wp\/v2\/users\/2"}],"replies":[{"embeddable":true,"href":"https:\/\/impactodenoticias.com.ar\/index.php?rest_route=%2Fwp%2Fv2%2Fcomments&post=1664"}],"version-history":[{"count":1,"href":"https:\/\/impactodenoticias.com.ar\/index.php?rest_route=\/wp\/v2\/posts\/1664\/revisions"}],"predecessor-version":[{"id":1667,"href":"https:\/\/impactodenoticias.com.ar\/index.php?rest_route=\/wp\/v2\/posts\/1664\/revisions\/1667"}],"wp:featuredmedia":[{"embeddable":true,"href":"https:\/\/impactodenoticias.com.ar\/index.php?rest_route=\/wp\/v2\/media\/1666"}],"wp:attachment":[{"href":"https:\/\/impactodenoticias.com.ar\/index.php?rest_route=%2Fwp%2Fv2%2Fmedia&parent=1664"}],"wp:term":[{"taxonomy":"category","embeddable":true,"href":"https:\/\/impactodenoticias.com.ar\/index.php?rest_route=%2Fwp%2Fv2%2Fcategories&post=1664"},{"taxonomy":"post_tag","embeddable":true,"href":"https:\/\/impactodenoticias.com.ar\/index.php?rest_route=%2Fwp%2Fv2%2Ftags&post=1664"}],"curies":[{"name":"wp","href":"https:\/\/api.w.org\/{rel}","templated":true}]}}