{"id":1674,"date":"2024-07-29T11:30:51","date_gmt":"2024-07-29T14:30:51","guid":{"rendered":"https:\/\/impactodenoticias.com.ar\/?p=1674"},"modified":"2024-07-29T11:30:52","modified_gmt":"2024-07-29T14:30:52","slug":"ruben-pagliotto-denunciara-al-procurador-jorge-garcia-por-no-atender-sus-requerimientos","status":"publish","type":"post","link":"https:\/\/impactodenoticias.com.ar\/?p=1674","title":{"rendered":"Rub\u00e9n Pagliotto denunciar\u00e1 al Procurador Jorge Garc\u00eda por no atender sus requerimientos"},"content":{"rendered":"\n<p><strong>El querellante por la familia de Enrique Fabiani, Rub\u00e9n Pagliotto, anunci\u00f3 que presentar\u00e1 una nueva denuncia contra el Procurador General, Jorge Garc\u00eda, por no responder los pedidos de la familia del hombre desaparecido.<\/strong><\/p>\n\n\n\n<p>Este lunes se cumplen 54 d\u00edas de la desaparici\u00f3n de Enrique Fabiani, de 74 a\u00f1os, oriundo de la localidad santafesina de Santa Clara de Buena Vista, que est\u00e1 siendo buscado intensamente desde el 4 de junio en Entre R\u00edos. El caso se puede convertir en un verdadero problema para el Procurador General de la Provincia, Jorge Garc\u00eda. Ya que el abogado Rub\u00e9n Pagliotto, que representa a la familia, anunci\u00f3 que lo denunciar\u00e1 para que se le inice el proceso correspondiente. El Jefe de los Fiscales nunca le contest\u00f3 el pedido que viene realizando los familiares de la v\u00edctima para que el fiscal Mauro Quirolo se aboque en forma exclusiva. Garc\u00eda opt\u00f3 por ignorar el pedido.<\/p>\n\n\n\n<p>Vale recordar que Fabiani fue visto por \u00faltima vez cuando el 4 de junio cuando ingres\u00f3 a cazar en el campo de un amigo, ubicado en el departamento entrerriano de Villaguay, cerca del l\u00edmite con el departamento La Paz, a la altura de la localidad de Alcaraz. A partir de ese momento no se supo m\u00e1s nada. Es m\u00e1s hay cuatro polic\u00edas de la Divisi\u00f3n Abigeato bajo sospechas y Julio Lodi, due\u00f1o del campo quien viera por \u00faltima vez a Fabiani.<\/p>\n\n\n\n<p>Pagliotto, en declaraciones radiales hizo referencia a la falta de respuesta de Garc\u00eda. \u00abYo, sinceramente, no lo puedo creer. Bueno, ya la semana que viene, estamos a viernes, seguramente har\u00e9 una corta presentaci\u00f3n, por la contundencia y por el peso espec\u00edfico de la causa, y por las pruebas que tengo, que son los cuatro o cinco pedidos concretos que le he hecho al Procurador, el pedido, bueno, seg\u00fan corresponda, porque est\u00e1 discutible si le corresponde al Procurador el pedido de Jury o el pedido de juicio pol\u00edtico\u00bb, destac\u00f3.<\/p>\n\n\n\n<p>Adem\u00e1s se\u00f1al\u00f3 que \u00abalgunas de las dos cuestiones seguramente van a suceder la semana que viene (por esta semana), insisto, en un corto pedido. Pedido, en algo muy breve, explicando la gravedad del hecho, que tampoco por lo p\u00fablico y notorio yo deber\u00eda explicar absolutamente nada, porque como decimos los abogados, es una situaci\u00f3n que aparece in re ipsa, es decir, que aparece manifiesta, objetiva y patente, y no hace falta probar la gravedad que tiene la desaparici\u00f3n de una persona, y no hace falta que d\u00e9 muchas explicaciones alrededor o acerca de la pertinencia, de la l\u00f3gica y de la razonabilidad que tiene el pedido que le hemos hecho al se\u00f1or Procurador General, Jorge Garc\u00eda, de que disponga la dedicaci\u00f3n exclusiva, al menos por un tiempo, del fiscal Mauro Quirolo a esta causa, y que lo exima de tener que continuar con el tr\u00e1mite de tantas decenas o centenas de causas que est\u00e1n en este momento radicadas en la Fiscal\u00eda de la Jurisdicci\u00f3n a su cargo. Entonces, el pedido va a ser concreto, esos son los motivos, y las pruebas, como dije, son el env\u00edo de los correos, incluso s\u00e9 que los recibi\u00f3\u00bb, apunt\u00f3.<\/p>\n\n\n\n<p>Paglioto se\u00f1al\u00f3: \u00abMe comunicado en dos o tres oportunidades a la doctora M\u00f3nica Carmona, que es la procuradora de Adjunta, y me ha hecho saber que los correos se han recibido, y lac\u00f3nicamente lo \u00fanico que me ha transmitido es que se est\u00e1 tratando este asunto, ahora digo, \u00bftanto tiempo va a insumir, va a demandar el tratamiento de un pedido tan claro y que reviste tanta urgencia por la situaci\u00f3n objetiva de gravedad que tiene esta historia? Lo dejo como interrogante.<\/p>\n\n\n\n<p>El pedido de Melisa, hija de Fabiani<\/p>\n\n\n\n<p>Melisa, su hija, manifest\u00f3: \u201cmi pap\u00e1 desapareci\u00f3 hace 52 d\u00edas en Alcaraz. Mi pap\u00e1 es un Loan, pero un Loan de 74 a\u00f1os. Y parece ser que la edad es un impedimento para que se conozca m\u00e1s\u201d.<\/p>\n\n\n\n<p>\u201cQueremos a Gendarmer\u00eda en Entre R\u00edos, trabajando en la b\u00fasqueda de mi pap\u00e1. \u00c9l no aparece hace 52 d\u00edas y nadie nos da respuestas. Hay muchas irregularidades en la Polic\u00eda. Apareci\u00f3 un cartucho disparado por la escopeta de mi pap\u00e1, que fue encontrado por un vidente en un rastrillaje hecho por la Polic\u00eda. Necesitamos a Gendarmer\u00eda en el lugar y que esto sea el comienzo de la b\u00fasqueda de mi pap\u00e1\u201d, exigi\u00f3.<\/p>\n","protected":false},"excerpt":{"rendered":"<p>El querellante por la familia de Enrique Fabiani, Rub&eacute;n Pagliotto, anunci&oacute; que presentar&aacute; una nueva denuncia contra el Procurador General, Jorge Garc&iacute;a, por no responder los pedidos de la familia del hombre desaparecido. Este lunes se cumplen 54 d&iacute;as de la desaparici&oacute;n de Enrique Fabiani, de 74 a&ntilde;os, oriundo de la localidad santafesina de Santa [&hellip;]<\/p>\n","protected":false},"author":2,"featured_media":1675,"comment_status":"open","ping_status":"open","sticky":false,"template":"","format":"standard","meta":{"footnotes":""},"categories":[90,8,4],"tags":[251,305,848,449],"class_list":["post-1674","post","type-post","status-publish","format-standard","has-post-thumbnail","hentry","category-judicial","category-policiales","category-provinciales","tag-busqueda","tag-enrique-fabiani","tag-jorge-garcia","tag-ruben-pagliotto"],"_links":{"self":[{"href":"https:\/\/impactodenoticias.com.ar\/index.php?rest_route=\/wp\/v2\/posts\/1674","targetHints":{"allow":["GET"]}}],"collection":[{"href":"https:\/\/impactodenoticias.com.ar\/index.php?rest_route=\/wp\/v2\/posts"}],"about":[{"href":"https:\/\/impactodenoticias.com.ar\/index.php?rest_route=\/wp\/v2\/types\/post"}],"author":[{"embeddable":true,"href":"https:\/\/impactodenoticias.com.ar\/index.php?rest_route=\/wp\/v2\/users\/2"}],"replies":[{"embeddable":true,"href":"https:\/\/impactodenoticias.com.ar\/index.php?rest_route=%2Fwp%2Fv2%2Fcomments&post=1674"}],"version-history":[{"count":1,"href":"https:\/\/impactodenoticias.com.ar\/index.php?rest_route=\/wp\/v2\/posts\/1674\/revisions"}],"predecessor-version":[{"id":1676,"href":"https:\/\/impactodenoticias.com.ar\/index.php?rest_route=\/wp\/v2\/posts\/1674\/revisions\/1676"}],"wp:featuredmedia":[{"embeddable":true,"href":"https:\/\/impactodenoticias.com.ar\/index.php?rest_route=\/wp\/v2\/media\/1675"}],"wp:attachment":[{"href":"https:\/\/impactodenoticias.com.ar\/index.php?rest_route=%2Fwp%2Fv2%2Fmedia&parent=1674"}],"wp:term":[{"taxonomy":"category","embeddable":true,"href":"https:\/\/impactodenoticias.com.ar\/index.php?rest_route=%2Fwp%2Fv2%2Fcategories&post=1674"},{"taxonomy":"post_tag","embeddable":true,"href":"https:\/\/impactodenoticias.com.ar\/index.php?rest_route=%2Fwp%2Fv2%2Ftags&post=1674"}],"curies":[{"name":"wp","href":"https:\/\/api.w.org\/{rel}","templated":true}]}}